{"id":10991,"date":"2022-06-24T17:14:05","date_gmt":"2022-06-24T17:14:05","guid":{"rendered":"http:\/\/www.fetiasp.com.br\/site\/?p=10991"},"modified":"2023-01-25T00:57:17","modified_gmt":"2023-01-25T00:57:17","slug":"reuniao-do-conselho-prestacao-de-contas-e-previsao-orcamentaria","status":"publish","type":"post","link":"https:\/\/www.fetiasp.com.br\/site\/?p=10991","title":{"rendered":"Reuni\u00e3o do Conselho, Presta\u00e7\u00e3o de Contas e Previs\u00e3o Or\u00e7ament\u00e1ria"},"content":{"rendered":"<p class=\"p1\" style=\"text-align: justify;\">Aconteceu nesta quarta-feira (22\/06) no Centro de Estudos e Forma\u00e7\u00e3o Sindical &#8211; CEFS em limeira, a Reuni\u00e3o do Conselho para Presta\u00e7\u00e3o de Contas da Federa\u00e7\u00e3o dos Trabalhadores nas Ind\u00fastrias de Alimenta\u00e7\u00e3o do Estado de S\u00e3o Paulo no ano de 2021 e Previs\u00e3o Or\u00e7ament\u00e1ria para 2023 repassado as Sindicalistas presentes pela comiss\u00e3o da Federa\u00e7\u00e3o &#8211; FETIASP.<\/p>\n<p class=\"p1\" style=\"text-align: justify;\">O evento contou com a Presidencia e Diretoria de diversos Sindicatos do Estado de S\u00e3o Paulo, al\u00e9m da presen\u00e7a do Deputado Federal e Presidente Nacional do Solidariedade &#8211; Paulinho da For\u00e7a.<\/p>\n<script type=\"text\/javascript\">\r\ndocument.addEventListener(\"DOMContentLoaded\", function(event) { \r\n\tjQuery( '#slider-pro-3-10961' ).sliderPro({\r\n\t\t\/\/width\r\n\t\t\t\twidth: 1000,\r\n\t\t\t\t\r\n\t\t\/\/height\r\n\t\t\t\theight: 500,\r\n\t\t\t\t\r\n\t\t\/\/auto play\r\n\t\t\t\tautoplay:  true,\r\n\t\tautoplayOnHover: 'none',\r\n\t\t\t\t\t\t\t\tautoplayDelay: 5000,\r\n\t\t\r\n\t\t\r\n\t\tarrows: true,\r\n\t\tbuttons: true,\r\n\t\tsmallSize: 500,\r\n\t\tmediumSize: 1000,\r\n\t\tlargeSize: 3000,\r\n\t\tfade: true,\r\n\t\t\r\n\t\t\/\/thumbnail\r\n\t\tthumbnailArrows: true,\r\n\t\tthumbnailWidth: 120,\r\n\t\tthumbnailHeight: 120,\r\n\t\t\t\t\t\tthumbnailsPosition: 'bottom',\r\n\t\t\t\t\t\tcenterImage: true,\r\n\t\timageScaleMode: 'cover',\r\n\t\tallowScaleUp: true,\r\n\t\t\t\tstartSlide: 0,\r\n\t\tloop: true,\r\n\t\tslideDistance: 5,\r\n\t\tautoplayDirection: 'normal',\r\n\t\ttouchSwipe: true,\r\n\t\tfullScreen: true,\r\n\t});\r\n});\r\n<\/script>\r\n\r\n<div id=\"uris-slider-title\">\r\n\t<h3 class=\"uris-slider-post-title\"><\/h3>\r\n<\/div>\r\n <div class=\"slides-not-found\"><i class=\"fa fa-times-circle\"><\/i> No Slide Found In Slider.<\/div> \n<p class=\"p1\" style=\"text-align: center;\"><span class=\"s1\">\ud83d\udda5\ufe0f<\/span> facebook.com\/fetiasp&nbsp; \u2022&nbsp;&nbsp;<span class=\"s1\">\ud83d\udda5\ufe0f<\/span> instagram.com\/fetiasp<\/p>\n<p class=\"p1\" style=\"text-align: center;\"><span class=\"s1\">\ud83d\udda5\ufe0f<\/span> twitter.com\/fetiasp&nbsp; \u2022&nbsp;&nbsp;<span class=\"s1\">\ud83c\udf10<\/span> fetiasp.com.br<\/p>\n<p class=\"p1\" style=\"text-align: center;\"><span class=\"s1\">\u260e\ufe0f<\/span> (11) 3273-7300&nbsp; \u2022&nbsp;&nbsp;<span class=\"s1\">\ud83d\udccc<\/span> Rua Conselheiro Furtado n 987 Bairro Liberdade \u2013 S\u00e3o Paulo &#8211; SP<\/p>\n","protected":false},"excerpt":{"rendered":"<p>Aconteceu nesta quarta-feira (22\/06) no Centro de Estudos e Forma\u00e7\u00e3o Sindical &#8211; CEFS em limeira, a Reuni\u00e3o do Conselho para Presta\u00e7\u00e3o de Contas da Federa\u00e7\u00e3o dos Trabalhadores nas Ind\u00fastrias de Alimenta\u00e7\u00e3o do Estado de S\u00e3o Paulo no ano de 2021 [&hellip;]<\/p>\n","protected":false},"author":5,"featured_media":10974,"comment_status":"closed","ping_status":"closed","sticky":false,"template":"","format":"standard","meta":{"ngg_post_thumbnail":0,"footnotes":"","_links_to":"","_links_to_target":""},"categories":[6,345],"tags":[],"class_list":["post-10991","post","type-post","status-publish","format-standard","has-post-thumbnail","hentry","category-destaques","category-fotos"],"_links":{"self":[{"href":"https:\/\/www.fetiasp.com.br\/site\/index.php?rest_route=\/wp\/v2\/posts\/10991","targetHints":{"allow":["GET"]}}],"collection":[{"href":"https:\/\/www.fetiasp.com.br\/site\/index.php?rest_route=\/wp\/v2\/posts"}],"about":[{"href":"https:\/\/www.fetiasp.com.br\/site\/index.php?rest_route=\/wp\/v2\/types\/post"}],"author":[{"embeddable":true,"href":"https:\/\/www.fetiasp.com.br\/site\/index.php?rest_route=\/wp\/v2\/users\/5"}],"replies":[{"embeddable":true,"href":"https:\/\/www.fetiasp.com.br\/site\/index.php?rest_route=%2Fwp%2Fv2%2Fcomments&post=10991"}],"version-history":[{"count":2,"href":"https:\/\/www.fetiasp.com.br\/site\/index.php?rest_route=\/wp\/v2\/posts\/10991\/revisions"}],"predecessor-version":[{"id":10993,"href":"https:\/\/www.fetiasp.com.br\/site\/index.php?rest_route=\/wp\/v2\/posts\/10991\/revisions\/10993"}],"wp:featuredmedia":[{"embeddable":true,"href":"https:\/\/www.fetiasp.com.br\/site\/index.php?rest_route=\/wp\/v2\/media\/10974"}],"wp:attachment":[{"href":"https:\/\/www.fetiasp.com.br\/site\/index.php?rest_route=%2Fwp%2Fv2%2Fmedia&parent=10991"}],"wp:term":[{"taxonomy":"category","embeddable":true,"href":"https:\/\/www.fetiasp.com.br\/site\/index.php?rest_route=%2Fwp%2Fv2%2Fcategories&post=10991"},{"taxonomy":"post_tag","embeddable":true,"href":"https:\/\/www.fetiasp.com.br\/site\/index.php?rest_route=%2Fwp%2Fv2%2Ftags&post=10991"}],"curies":[{"name":"wp","href":"https:\/\/api.w.org\/{rel}","templated":true}]}}