{"id":11299,"date":"2022-07-29T13:57:51","date_gmt":"2022-07-29T13:57:51","guid":{"rendered":"http:\/\/www.fetiasp.com.br\/site\/?p=11299"},"modified":"2023-01-25T00:55:23","modified_gmt":"2023-01-25T00:55:23","slug":"11299","status":"publish","type":"post","link":"https:\/\/www.fetiasp.com.br\/site\/?p=11299","title":{"rendered":"Melhores momentos da Oficina &#8211; &#8220;Entendendo a Diversidade de G\u00eanero&#8221;"},"content":{"rendered":"<h4 class=\"style-scope ytd-watch-metadata\">1\u00ba dia da Oficina \u201cENTENDENDO A DIVERSIDADE DE G\u00caNERO&#8221; \ud83c\udff3\ufe0f\u200d\ud83c\udf08<\/h4>\n<p style=\"text-align: justify;\">O evento realizada no dia 26 de Julho na Federa\u00e7\u00e3o dos Trabalhadores nas Ind\u00fastrias de Alimenta\u00e7\u00e3o do Estado de S\u00e3o Paulo-SP &#8211; recebeu na Plen\u00e1ria para a abertura do evento compondo a mesa:<\/p>\n<p>\u2022 Antonio Vitor &#8211; Presidente da FETIASP;<\/p>\n<p>\u2022 Neuza Barbosa de Lima &#8211; Vice-Presidente da FETIASP;<\/p>\n<p>\u2022&nbsp;Artur Bueno de Camargo &#8211; Vice-Presidente da Confedera\u00e7\u00e3o &#8211; CNTA;<\/p>\n<p>\u2022&nbsp;Gerado Iglesias &#8211; Secret\u00e1rio Regional da UITA;<\/p>\n<p>\u2022&nbsp;Gisele Ad\u00e3o &#8211; Vice-Presidente do Cominte Mundial LGTBI da UITA;<\/p>\n<p>\u2022&nbsp;Monica Veloso &#8211; For\u00e7a Sindical; Mariane Almendro &#8211; Fiesp;<\/p>\n<p>\u2022&nbsp;Ricardo &#8211; Unilever; Carlos Domingues &#8211; RH Pepsico;<\/p>\n<p>\u2022&nbsp;Mariazinha Hellmeister &#8211; Diretora CONTRATUH;<\/p>\n<p>\u2022&nbsp;Luciana Marcondes &#8211; Heineken &#8211; Unidade It\u00fa;<\/p>\n<p>\u2022&nbsp;Isabelly Carvalho &#8211; Vereadora de Limeira-SP.<\/p>\n<p style=\"text-align: justify;\">Al\u00e9m dos Convidados, o evento contou com diversos Sindicatos filiados, atrav\u00e9s de seus respectivos Presidentes e Diretores(as).<\/p>\n<p><iframe loading=\"lazy\" title=\"1\u00ba dia da Oficina \u201cENTENDENDO A DIVERSIDADE DE G\u00caNERO&quot; \ud83c\udff3\ufe0f\u200d\ud83c\udf08\" width=\"500\" height=\"281\" src=\"https:\/\/www.youtube.com\/embed\/AaTwo_IZJd8?feature=oembed\" frameborder=\"0\" allow=\"accelerometer; autoplay; clipboard-write; encrypted-media; gyroscope; picture-in-picture; web-share\" referrerpolicy=\"strict-origin-when-cross-origin\" allowfullscreen><\/iframe><\/p>\n<p>&nbsp;<\/p>\n<h4 class=\"style-scope ytd-watch-metadata\">2\u00ba dia da Oficina \u201cENTENDENDO A DIVERSIDADE DE G\u00caNERO\u201d \ud83c\udff3\ufe0f\u200d\ud83c\udf08<\/h4>\n<p style=\"text-align: justify;\"><span class=\"style-scope yt-formatted-string\" dir=\"auto\">Confira os melhores momentos do 2\u00ba dia de atividades na oficina: \u201cDiversidade de G\u00eanero: Problema ou Desafio?\u201d, que teve in\u00edcio nesta ter\u00e7a (26) com um ciclo de debates promovido pela CNTA \u2013 Confedera\u00e7\u00e3o Nacional dos Trabalhadores da Alimenta\u00e7\u00e3o, UITA \u2013 Uni\u00e3o Internacional dos Trab. da Alimenta\u00e7\u00e3o e FETASP \u2013 Federa\u00e7\u00e3o Estadual dos Trabalhadores da Alimenta\u00e7\u00e3o de SP.<\/span><\/p>\n<p style=\"text-align: justify;\">&nbsp;<\/p>\n<p style=\"text-align: justify;\"><span class=\"style-scope yt-formatted-string\" dir=\"auto\">O evento durou dois dias com discuss\u00f5es, palestras, oficinas e exposi\u00e7\u00f5es sobre o tema, direcionados para dirigentes sindicais do setor. O ciclo aconteceu na sede da FETIASP, em SP. \u201cPara n\u00f3s do Movimento Sindical, \u00e9 de suma import\u00e2ncia que levemos para as Bases o que nesses dois dias de evento foi falado e estudado. N\u00e3o podemos mais permitir que a comunidade LGBTQIA+ sofra com o preconceito e a discrimina\u00e7\u00e3o, al\u00e9m da falta de oportunidade de trabalho dentro das f\u00e1bricas\u201d, <strong>destacou Antonio Vitor &#8211; Presidente da FETIASP<\/strong>.<\/span><\/p>\n<p style=\"text-align: justify;\">&nbsp;<\/p>\n<p style=\"text-align: justify;\"><span class=\"style-scope yt-formatted-string\" dir=\"auto\">\u201cAcompanhamos de perto esse tema e n\u00e3o poder\u00edamos deixar de fora de nossa pauta\u201d, <strong>diz Artur Bueno Junior, vice-presidente da CNTA e presidente do STIAL<\/strong>. \u201cA sociedade n\u00e3o deve mais dizer que aceita a comunidade LGBTQIA+; ela deve respeitar, integrar e promover a\u00e7\u00f5es de qualidade de vida, oportunidades e bem-estar para essas pessoas. Inclusive dentro do pr\u00f3prio movimento sindical. \u00c9 isso o que estamos debatendo nesse evento\u201d, conclui.<\/span><\/p>\n<p style=\"text-align: justify;\">&nbsp;<\/p>\n<p style=\"text-align: justify;\"><span class=\"style-scope yt-formatted-string\" dir=\"auto\">A abertura do ciclo contou com representantes das tr\u00eas entidades realizadoras das atividades, e tamb\u00e9m com as presen\u00e7as de Gisele Ad\u00e3o, Vice-Presidenta do Comit\u00ea Mundial LGBTQIA+ da UITA, e da vereadora de Limeira, Isabelly Carvalho. O evento tamb\u00e9m registrou a presen\u00e7a de representantes da Pepsi, Nestl\u00e9, Heineken e Unilever.<\/span><\/p>\n<p style=\"text-align: justify;\">&nbsp;<\/p>\n<p style=\"text-align: justify;\"><span class=\"style-scope yt-formatted-string\" dir=\"auto\">Neste \u00faltimo dia (27), ocorreu a abertura das oficinas de trabalho sobre o tema, e tamb\u00e9m uma palestra com Jaqueline Leite, do Comit\u00ea Latino Americano da UITA para Diversidade de G\u00eanero, que al\u00e9m da Palestra, ministrou exerc\u00edcios em grupo.\u2800Colabora\u00e7\u00e3o STIAL.<\/span><\/p>\n<p><iframe loading=\"lazy\" title=\"2\u00ba dia da Oficina \u201cENTENDENDO A DIVERSIDADE DE G\u00caNERO\u201d \ud83c\udff3\ufe0f\u200d\ud83c\udf08\" width=\"500\" height=\"281\" src=\"https:\/\/www.youtube.com\/embed\/ulMaRlnWxIk?feature=oembed\" frameborder=\"0\" allow=\"accelerometer; autoplay; clipboard-write; encrypted-media; gyroscope; picture-in-picture; web-share\" referrerpolicy=\"strict-origin-when-cross-origin\" allowfullscreen><\/iframe><\/p>\n<p style=\"text-align: center;\">&#8212;&#8212;&#8212;\u2022 Produ\u00e7\u00e3o \u2022&#8212;&#8212;&#8212;<\/p>\n<p style=\"text-align: center;\">Speak M\u00eddia Comunica\u00e7\u00e3o!<\/p>\n<p style=\"text-align: center;\"><a href=\"https:\/\/www.youtube.com\/c\/SpeakMidiaProdutora\">www.youtube.com\/c\/SpeakMidiaProdutora<\/a><\/p>\n","protected":false},"excerpt":{"rendered":"<p>1\u00ba dia da Oficina \u201cENTENDENDO A DIVERSIDADE DE G\u00caNERO&#8221; \ud83c\udff3\ufe0f\u200d\ud83c\udf08 O evento realizada no dia 26 de Julho na Federa\u00e7\u00e3o dos Trabalhadores nas Ind\u00fastrias de Alimenta\u00e7\u00e3o do Estado de S\u00e3o Paulo-SP &#8211; recebeu na Plen\u00e1ria para a abertura do evento [&hellip;]<\/p>\n","protected":false},"author":5,"featured_media":11308,"comment_status":"closed","ping_status":"closed","sticky":false,"template":"","format":"standard","meta":{"ngg_post_thumbnail":0,"footnotes":"","_links_to":"","_links_to_target":""},"categories":[6,3],"tags":[],"class_list":["post-11299","post","type-post","status-publish","format-standard","has-post-thumbnail","hentry","category-destaques","category-noticias"],"_links":{"self":[{"href":"https:\/\/www.fetiasp.com.br\/site\/index.php?rest_route=\/wp\/v2\/posts\/11299","targetHints":{"allow":["GET"]}}],"collection":[{"href":"https:\/\/www.fetiasp.com.br\/site\/index.php?rest_route=\/wp\/v2\/posts"}],"about":[{"href":"https:\/\/www.fetiasp.com.br\/site\/index.php?rest_route=\/wp\/v2\/types\/post"}],"author":[{"embeddable":true,"href":"https:\/\/www.fetiasp.com.br\/site\/index.php?rest_route=\/wp\/v2\/users\/5"}],"replies":[{"embeddable":true,"href":"https:\/\/www.fetiasp.com.br\/site\/index.php?rest_route=%2Fwp%2Fv2%2Fcomments&post=11299"}],"version-history":[{"count":5,"href":"https:\/\/www.fetiasp.com.br\/site\/index.php?rest_route=\/wp\/v2\/posts\/11299\/revisions"}],"predecessor-version":[{"id":11326,"href":"https:\/\/www.fetiasp.com.br\/site\/index.php?rest_route=\/wp\/v2\/posts\/11299\/revisions\/11326"}],"wp:featuredmedia":[{"embeddable":true,"href":"https:\/\/www.fetiasp.com.br\/site\/index.php?rest_route=\/wp\/v2\/media\/11308"}],"wp:attachment":[{"href":"https:\/\/www.fetiasp.com.br\/site\/index.php?rest_route=%2Fwp%2Fv2%2Fmedia&parent=11299"}],"wp:term":[{"taxonomy":"category","embeddable":true,"href":"https:\/\/www.fetiasp.com.br\/site\/index.php?rest_route=%2Fwp%2Fv2%2Fcategories&post=11299"},{"taxonomy":"post_tag","embeddable":true,"href":"https:\/\/www.fetiasp.com.br\/site\/index.php?rest_route=%2Fwp%2Fv2%2Ftags&post=11299"}],"curies":[{"name":"wp","href":"https:\/\/api.w.org\/{rel}","templated":true}]}}