{"id":12011,"date":"2023-05-11T13:19:43","date_gmt":"2023-05-11T13:19:43","guid":{"rendered":"http:\/\/www.fetiasp.com.br\/site\/?p=12011"},"modified":"2023-06-16T15:14:38","modified_gmt":"2023-06-16T15:14:38","slug":"reuniao-com-o-sindicato-patronal-do-setor-de-frios","status":"publish","type":"post","link":"https:\/\/www.fetiasp.com.br\/site\/?p=12011","title":{"rendered":"Reuni\u00e3o com o Sindicato Patronal do Setor de Frios."},"content":{"rendered":"<div class=\"xdj266r x11i5rnm xat24cr x1mh8g0r x1vvkbs x126k92a\">\n<div dir=\"auto\">A Comiss\u00e3o Efetiva de Negocia\u00e7\u00e3o da Federa\u00e7\u00e3o da Alimenta\u00e7\u00e3o, realizou nesta quinta-feira (11 de maio) uma reuni\u00e3o com o Sindicato Patronal do Setor de Frios.<\/div>\n<\/div>\n<div dir=\"auto\">&nbsp;<\/div>\n<div dir=\"auto\"><script type=\"text\/javascript\">\r\ndocument.addEventListener(\"DOMContentLoaded\", function(event) { \r\n\tjQuery( '#slider-pro-3-12010' ).sliderPro({\r\n\t\t\/\/width\r\n\t\t\t\twidth: 1000,\r\n\t\t\t\t\r\n\t\t\/\/height\r\n\t\t\t\theight: 500,\r\n\t\t\t\t\r\n\t\t\/\/auto play\r\n\t\t\t\tautoplay:  true,\r\n\t\tautoplayOnHover: 'none',\r\n\t\t\t\t\t\t\t\tautoplayDelay: 5000,\r\n\t\t\r\n\t\t\r\n\t\tarrows: true,\r\n\t\tbuttons: true,\r\n\t\tsmallSize: 500,\r\n\t\tmediumSize: 1000,\r\n\t\tlargeSize: 3000,\r\n\t\tfade: true,\r\n\t\t\r\n\t\t\/\/thumbnail\r\n\t\tthumbnailArrows: true,\r\n\t\tthumbnailWidth: 120,\r\n\t\tthumbnailHeight: 120,\r\n\t\t\t\t\t\tthumbnailsPosition: 'bottom',\r\n\t\t\t\t\t\tcenterImage: true,\r\n\t\timageScaleMode: 'cover',\r\n\t\tallowScaleUp: true,\r\n\t\t\t\tstartSlide: 0,\r\n\t\tloop: true,\r\n\t\tslideDistance: 5,\r\n\t\tautoplayDirection: 'normal',\r\n\t\ttouchSwipe: true,\r\n\t\tfullScreen: true,\r\n\t});\r\n});\r\n<\/script>\r\n\r\n<div id=\"uris-slider-title\">\r\n\t<h3 class=\"uris-slider-post-title\">Reuni\u00e3o com o Sindicato Patronal do Setor de Frios.<\/h3>\r\n<\/div>\r\n <div class=\"slides-not-found\"><i class=\"fa fa-times-circle\"><\/i> No Slide Found In Slider.<\/div> <\/div>\n<div dir=\"auto\">&nbsp;<\/div>\n<div class=\"xdj266r x11i5rnm xat24cr x1mh8g0r x1vvkbs x126k92a\">\n<div dir=\"auto\">A reuni\u00e3o serviu para tratar de algumas pend\u00eancias da Conven\u00e7\u00e3o de Frios.<\/div>\n<\/div>\n<div class=\"x11i5rnm xat24cr x1mh8g0r x1vvkbs xtlvy1s x126k92a\">\n<div dir=\"auto\">A 1\u00aa rodada de negocia\u00e7\u00e3o do setor de Frios, est\u00e1 prevista para o dia 23 de maio de 2023.<\/div>\n<\/div>\n","protected":false},"excerpt":{"rendered":"<p>A Comiss\u00e3o Efetiva de Negocia\u00e7\u00e3o da Federa\u00e7\u00e3o da Alimenta\u00e7\u00e3o, realizou nesta quinta-feira (11 de maio) uma reuni\u00e3o com o Sindicato Patronal do Setor de Frios. &nbsp; &nbsp; A reuni\u00e3o serviu para tratar de algumas pend\u00eancias da Conven\u00e7\u00e3o de Frios. A [&hellip;]<\/p>\n","protected":false},"author":5,"featured_media":12012,"comment_status":"closed","ping_status":"closed","sticky":false,"template":"","format":"standard","meta":{"ngg_post_thumbnail":0,"footnotes":"","_links_to":"","_links_to_target":""},"categories":[6,3],"tags":[],"class_list":["post-12011","post","type-post","status-publish","format-standard","has-post-thumbnail","hentry","category-destaques","category-noticias"],"_links":{"self":[{"href":"https:\/\/www.fetiasp.com.br\/site\/index.php?rest_route=\/wp\/v2\/posts\/12011","targetHints":{"allow":["GET"]}}],"collection":[{"href":"https:\/\/www.fetiasp.com.br\/site\/index.php?rest_route=\/wp\/v2\/posts"}],"about":[{"href":"https:\/\/www.fetiasp.com.br\/site\/index.php?rest_route=\/wp\/v2\/types\/post"}],"author":[{"embeddable":true,"href":"https:\/\/www.fetiasp.com.br\/site\/index.php?rest_route=\/wp\/v2\/users\/5"}],"replies":[{"embeddable":true,"href":"https:\/\/www.fetiasp.com.br\/site\/index.php?rest_route=%2Fwp%2Fv2%2Fcomments&post=12011"}],"version-history":[{"count":1,"href":"https:\/\/www.fetiasp.com.br\/site\/index.php?rest_route=\/wp\/v2\/posts\/12011\/revisions"}],"predecessor-version":[{"id":12015,"href":"https:\/\/www.fetiasp.com.br\/site\/index.php?rest_route=\/wp\/v2\/posts\/12011\/revisions\/12015"}],"wp:featuredmedia":[{"embeddable":true,"href":"https:\/\/www.fetiasp.com.br\/site\/index.php?rest_route=\/wp\/v2\/media\/12012"}],"wp:attachment":[{"href":"https:\/\/www.fetiasp.com.br\/site\/index.php?rest_route=%2Fwp%2Fv2%2Fmedia&parent=12011"}],"wp:term":[{"taxonomy":"category","embeddable":true,"href":"https:\/\/www.fetiasp.com.br\/site\/index.php?rest_route=%2Fwp%2Fv2%2Fcategories&post=12011"},{"taxonomy":"post_tag","embeddable":true,"href":"https:\/\/www.fetiasp.com.br\/site\/index.php?rest_route=%2Fwp%2Fv2%2Ftags&post=12011"}],"curies":[{"name":"wp","href":"https:\/\/api.w.org\/{rel}","templated":true}]}}