{"id":12083,"date":"2023-06-14T14:13:02","date_gmt":"2023-06-14T14:13:02","guid":{"rendered":"http:\/\/www.fetiasp.com.br\/site\/?p=12083"},"modified":"2023-06-16T15:13:42","modified_gmt":"2023-06-16T15:13:42","slug":"reuniao-com-sindicatos-que-possuem-o-setor-de-racao-em-suas-bases","status":"publish","type":"post","link":"https:\/\/www.fetiasp.com.br\/site\/?p=12083","title":{"rendered":"Reuni\u00e3o com Sindicatos que possuem o setor de Ra\u00e7\u00e3o em suas bases."},"content":{"rendered":"<div dir=\"auto\">Nesta quarta-feira, (14 de junho) os Sindicatos que possuem o setor de Ra\u00e7\u00e3o em suas bases, para uma reunir\u00e3o na Federa\u00e7\u00e3o da Alimenta\u00e7\u00e3o em S\u00e3o Paulo &#8211; FETIASP.<\/div>\n<div dir=\"auto\">&nbsp;<\/div>\n<div dir=\"auto\">A reuni\u00e3o com os profissionais da categoria de Alimenta\u00e7\u00e3o Animal, avaliou a seguinte proposta:<\/div>\n<div dir=\"auto\">&nbsp;<\/div>\n<div dir=\"auto\">a) Sal\u00e1rio Normativo no valor de R$ 1.953,26;<\/div>\n<div dir=\"auto\">b) Teto no valor de R$ 11.839,86 e para quem ganha acima do teto, valor fixo de R$ 571,87;<\/div>\n<div dir=\"auto\">c) Cesta no valor de R$ 300,00 sendo que para quem paga acima deste valor ser\u00e1 aplicado o INPC de 3,83%;<\/div>\n<div dir=\"auto\">d) Reajuste para quem ganha acima do normativo at\u00e9 o teto ser\u00e1 de 4,83%;<\/div>\n<div dir=\"auto\">e) Manuten\u00e7\u00e3o de todas as cl\u00e1usulas sociais nos termos da \u00faltima conven\u00e7\u00e3o pactuada.<\/div>\n<div dir=\"auto\">&nbsp;<\/div>\n<div dir=\"auto\"><span style=\"vertical-align: inherit;\"><span style=\"vertical-align: inherit;\"><script type=\"text\/javascript\">\r\ndocument.addEventListener(\"DOMContentLoaded\", function(event) { \r\n\tjQuery( '#slider-pro-3-12082' ).sliderPro({\r\n\t\t\/\/width\r\n\t\t\t\twidth: 1000,\r\n\t\t\t\t\r\n\t\t\/\/height\r\n\t\t\t\theight: 500,\r\n\t\t\t\t\r\n\t\t\/\/auto play\r\n\t\t\t\tautoplay:  true,\r\n\t\tautoplayOnHover: 'none',\r\n\t\t\t\t\t\t\t\tautoplayDelay: 5000,\r\n\t\t\r\n\t\t\r\n\t\tarrows: true,\r\n\t\tbuttons: true,\r\n\t\tsmallSize: 500,\r\n\t\tmediumSize: 1000,\r\n\t\tlargeSize: 3000,\r\n\t\tfade: true,\r\n\t\t\r\n\t\t\/\/thumbnail\r\n\t\tthumbnailArrows: true,\r\n\t\tthumbnailWidth: 120,\r\n\t\tthumbnailHeight: 120,\r\n\t\t\t\t\t\tthumbnailsPosition: 'bottom',\r\n\t\t\t\t\t\tcenterImage: true,\r\n\t\timageScaleMode: 'cover',\r\n\t\tallowScaleUp: true,\r\n\t\t\t\tstartSlide: 0,\r\n\t\tloop: true,\r\n\t\tslideDistance: 5,\r\n\t\tautoplayDirection: 'normal',\r\n\t\ttouchSwipe: true,\r\n\t\tfullScreen: true,\r\n\t});\r\n});\r\n<\/script>\r\n\r\n<div id=\"uris-slider-title\">\r\n\t<h3 class=\"uris-slider-post-title\">Reuni\u00e3o com Sindicatos que possuem o setor de Ra\u00e7\u00e3o em suas bases.<\/h3>\r\n<\/div>\r\n <div class=\"slides-not-found\"><i class=\"fa fa-times-circle\"><\/i> No Slide Found In Slider.<\/div> <\/span><\/span><\/div>\n<div dir=\"auto\">&nbsp;<\/div>\n<div dir=\"auto\">Ap\u00f3s v\u00e1rias manifesta\u00e7\u00f5es, decidiu-se que a proposta ser\u00e1 levada para aprova\u00e7\u00e3o das assembleias com indicativo de aprova\u00e7\u00e3o.<\/div>\n","protected":false},"excerpt":{"rendered":"<p>Nesta quarta-feira, (14 de junho) os Sindicatos que possuem o setor de Ra\u00e7\u00e3o em suas bases, para uma reunir\u00e3o na Federa\u00e7\u00e3o da Alimenta\u00e7\u00e3o em S\u00e3o Paulo &#8211; FETIASP. &nbsp; A reuni\u00e3o com os profissionais da categoria de Alimenta\u00e7\u00e3o Animal, avaliou [&hellip;]<\/p>\n","protected":false},"author":5,"featured_media":12088,"comment_status":"closed","ping_status":"closed","sticky":false,"template":"","format":"standard","meta":{"ngg_post_thumbnail":0,"footnotes":"","_links_to":"","_links_to_target":""},"categories":[6,3],"tags":[],"class_list":["post-12083","post","type-post","status-publish","format-standard","has-post-thumbnail","hentry","category-destaques","category-noticias"],"_links":{"self":[{"href":"https:\/\/www.fetiasp.com.br\/site\/index.php?rest_route=\/wp\/v2\/posts\/12083","targetHints":{"allow":["GET"]}}],"collection":[{"href":"https:\/\/www.fetiasp.com.br\/site\/index.php?rest_route=\/wp\/v2\/posts"}],"about":[{"href":"https:\/\/www.fetiasp.com.br\/site\/index.php?rest_route=\/wp\/v2\/types\/post"}],"author":[{"embeddable":true,"href":"https:\/\/www.fetiasp.com.br\/site\/index.php?rest_route=\/wp\/v2\/users\/5"}],"replies":[{"embeddable":true,"href":"https:\/\/www.fetiasp.com.br\/site\/index.php?rest_route=%2Fwp%2Fv2%2Fcomments&post=12083"}],"version-history":[{"count":2,"href":"https:\/\/www.fetiasp.com.br\/site\/index.php?rest_route=\/wp\/v2\/posts\/12083\/revisions"}],"predecessor-version":[{"id":12090,"href":"https:\/\/www.fetiasp.com.br\/site\/index.php?rest_route=\/wp\/v2\/posts\/12083\/revisions\/12090"}],"wp:featuredmedia":[{"embeddable":true,"href":"https:\/\/www.fetiasp.com.br\/site\/index.php?rest_route=\/wp\/v2\/media\/12088"}],"wp:attachment":[{"href":"https:\/\/www.fetiasp.com.br\/site\/index.php?rest_route=%2Fwp%2Fv2%2Fmedia&parent=12083"}],"wp:term":[{"taxonomy":"category","embeddable":true,"href":"https:\/\/www.fetiasp.com.br\/site\/index.php?rest_route=%2Fwp%2Fv2%2Fcategories&post=12083"},{"taxonomy":"post_tag","embeddable":true,"href":"https:\/\/www.fetiasp.com.br\/site\/index.php?rest_route=%2Fwp%2Fv2%2Ftags&post=12083"}],"curies":[{"name":"wp","href":"https:\/\/api.w.org\/{rel}","templated":true}]}}