{"id":12105,"date":"2023-06-28T17:22:00","date_gmt":"2023-06-28T17:22:00","guid":{"rendered":"https:\/\/www.fetiasp.com.br\/site\/?p=12105"},"modified":"2023-07-03T17:40:58","modified_gmt":"2023-07-03T17:40:58","slug":"assinatura-cct-bebidas","status":"publish","type":"post","link":"https:\/\/www.fetiasp.com.br\/site\/?p=12105","title":{"rendered":"Assinatura CCT Bebidas"},"content":{"rendered":"\n<p>Aconteceu nesta quarta-feira (28), na Federa\u00e7\u00e3o da Alimenta\u00e7\u00e3o &#8211; FETIASP, a assinatura da Conven\u00e7\u00e3o Coletiva de Trabalho 2023\/2024 do Setor de Bebidas.<\/p>\n\n\n\n<figure class=\"wp-block-gallery has-nested-images columns-2 is-cropped wp-block-gallery-1 is-layout-flex wp-block-gallery-is-layout-flex\">\n<figure class=\"wp-block-image size-large\"><a href=\"https:\/\/www.fetiasp.com.br\/site\/wp-content\/uploads\/2023\/07\/WhatsApp-Image-2023-06-28-at-17.37.42-4.jpeg\"><img loading=\"lazy\" decoding=\"async\" width=\"1024\" height=\"768\" data-id=\"12103\" src=\"https:\/\/www.fetiasp.com.br\/site\/wp-content\/uploads\/2023\/07\/WhatsApp-Image-2023-06-28-at-17.37.42-4.jpeg\" alt=\"\" class=\"wp-image-12103\" srcset=\"https:\/\/www.fetiasp.com.br\/site\/wp-content\/uploads\/2023\/07\/WhatsApp-Image-2023-06-28-at-17.37.42-4.jpeg 1024w, https:\/\/www.fetiasp.com.br\/site\/wp-content\/uploads\/2023\/07\/WhatsApp-Image-2023-06-28-at-17.37.42-4-616x462.jpeg 616w, https:\/\/www.fetiasp.com.br\/site\/wp-content\/uploads\/2023\/07\/WhatsApp-Image-2023-06-28-at-17.37.42-4-150x113.jpeg 150w, https:\/\/www.fetiasp.com.br\/site\/wp-content\/uploads\/2023\/07\/WhatsApp-Image-2023-06-28-at-17.37.42-4-53x41.jpeg 53w\" sizes=\"auto, (max-width: 1024px) 100vw, 1024px\" \/><\/a><\/figure>\n\n\n\n<figure class=\"wp-block-image size-large\"><a href=\"https:\/\/www.fetiasp.com.br\/site\/wp-content\/uploads\/2023\/07\/WhatsApp-Image-2023-06-28-at-17.37.42-3.jpeg\"><img loading=\"lazy\" decoding=\"async\" width=\"1024\" height=\"768\" data-id=\"12102\" src=\"https:\/\/www.fetiasp.com.br\/site\/wp-content\/uploads\/2023\/07\/WhatsApp-Image-2023-06-28-at-17.37.42-3.jpeg\" alt=\"\" class=\"wp-image-12102\" srcset=\"https:\/\/www.fetiasp.com.br\/site\/wp-content\/uploads\/2023\/07\/WhatsApp-Image-2023-06-28-at-17.37.42-3.jpeg 1024w, https:\/\/www.fetiasp.com.br\/site\/wp-content\/uploads\/2023\/07\/WhatsApp-Image-2023-06-28-at-17.37.42-3-616x462.jpeg 616w, https:\/\/www.fetiasp.com.br\/site\/wp-content\/uploads\/2023\/07\/WhatsApp-Image-2023-06-28-at-17.37.42-3-150x113.jpeg 150w, https:\/\/www.fetiasp.com.br\/site\/wp-content\/uploads\/2023\/07\/WhatsApp-Image-2023-06-28-at-17.37.42-3-53x41.jpeg 53w\" sizes=\"auto, (max-width: 1024px) 100vw, 1024px\" \/><\/a><\/figure>\n\n\n\n<figure class=\"wp-block-image size-large\"><a href=\"https:\/\/www.fetiasp.com.br\/site\/wp-content\/uploads\/2023\/07\/WhatsApp-Image-2023-06-28-at-17.37.40-1.jpeg\"><img loading=\"lazy\" decoding=\"async\" width=\"1024\" height=\"768\" data-id=\"12101\" src=\"https:\/\/www.fetiasp.com.br\/site\/wp-content\/uploads\/2023\/07\/WhatsApp-Image-2023-06-28-at-17.37.40-1.jpeg\" alt=\"\" class=\"wp-image-12101\" srcset=\"https:\/\/www.fetiasp.com.br\/site\/wp-content\/uploads\/2023\/07\/WhatsApp-Image-2023-06-28-at-17.37.40-1.jpeg 1024w, https:\/\/www.fetiasp.com.br\/site\/wp-content\/uploads\/2023\/07\/WhatsApp-Image-2023-06-28-at-17.37.40-1-616x462.jpeg 616w, https:\/\/www.fetiasp.com.br\/site\/wp-content\/uploads\/2023\/07\/WhatsApp-Image-2023-06-28-at-17.37.40-1-150x113.jpeg 150w, https:\/\/www.fetiasp.com.br\/site\/wp-content\/uploads\/2023\/07\/WhatsApp-Image-2023-06-28-at-17.37.40-1-53x41.jpeg 53w\" sizes=\"auto, (max-width: 1024px) 100vw, 1024px\" \/><\/a><\/figure>\n<\/figure>\n","protected":false},"excerpt":{"rendered":"<p>Aconteceu nesta quarta-feira (28), na Federa\u00e7\u00e3o da Alimenta\u00e7\u00e3o &#8211; FETIASP, a assinatura da Conven\u00e7\u00e3o Coletiva de Trabalho 2023\/2024 do Setor de Bebidas.<\/p>\n","protected":false},"author":5,"featured_media":12102,"comment_status":"closed","ping_status":"closed","sticky":false,"template":"","format":"standard","meta":{"ngg_post_thumbnail":0,"footnotes":"","_links_to":"","_links_to_target":""},"categories":[6,3],"tags":[],"class_list":["post-12105","post","type-post","status-publish","format-standard","has-post-thumbnail","hentry","category-destaques","category-noticias"],"_links":{"self":[{"href":"https:\/\/www.fetiasp.com.br\/site\/index.php?rest_route=\/wp\/v2\/posts\/12105","targetHints":{"allow":["GET"]}}],"collection":[{"href":"https:\/\/www.fetiasp.com.br\/site\/index.php?rest_route=\/wp\/v2\/posts"}],"about":[{"href":"https:\/\/www.fetiasp.com.br\/site\/index.php?rest_route=\/wp\/v2\/types\/post"}],"author":[{"embeddable":true,"href":"https:\/\/www.fetiasp.com.br\/site\/index.php?rest_route=\/wp\/v2\/users\/5"}],"replies":[{"embeddable":true,"href":"https:\/\/www.fetiasp.com.br\/site\/index.php?rest_route=%2Fwp%2Fv2%2Fcomments&post=12105"}],"version-history":[{"count":2,"href":"https:\/\/www.fetiasp.com.br\/site\/index.php?rest_route=\/wp\/v2\/posts\/12105\/revisions"}],"predecessor-version":[{"id":12115,"href":"https:\/\/www.fetiasp.com.br\/site\/index.php?rest_route=\/wp\/v2\/posts\/12105\/revisions\/12115"}],"wp:featuredmedia":[{"embeddable":true,"href":"https:\/\/www.fetiasp.com.br\/site\/index.php?rest_route=\/wp\/v2\/media\/12102"}],"wp:attachment":[{"href":"https:\/\/www.fetiasp.com.br\/site\/index.php?rest_route=%2Fwp%2Fv2%2Fmedia&parent=12105"}],"wp:term":[{"taxonomy":"category","embeddable":true,"href":"https:\/\/www.fetiasp.com.br\/site\/index.php?rest_route=%2Fwp%2Fv2%2Fcategories&post=12105"},{"taxonomy":"post_tag","embeddable":true,"href":"https:\/\/www.fetiasp.com.br\/site\/index.php?rest_route=%2Fwp%2Fv2%2Ftags&post=12105"}],"curies":[{"name":"wp","href":"https:\/\/api.w.org\/{rel}","templated":true}]}}