{"id":12116,"date":"2023-06-20T17:44:00","date_gmt":"2023-06-20T17:44:00","guid":{"rendered":"https:\/\/www.fetiasp.com.br\/site\/?p=12116"},"modified":"2023-07-03T18:02:20","modified_gmt":"2023-07-03T18:02:20","slug":"2a-rodada-de-negociacoes-do-setor-de-frios-2","status":"publish","type":"post","link":"https:\/\/www.fetiasp.com.br\/site\/?p=12116","title":{"rendered":"2\u00aa Rodada de Negocia\u00e7\u00f5es do Setor de Frios"},"content":{"rendered":"\n<p>Aconteceu nesta ter\u00e7a-feira (20 de Junho) na Federa\u00e7\u00e3o da Alimenta\u00e7\u00e3o &#8211; FETIASP, a 2\u00aa Rodada de Negocia\u00e7\u00f5es do Setor de Frios, realizado pelos Sindicatos dos Trabalhadores juntamente com a Comiss\u00e3o de Negocia\u00e7\u00e3o da Federa\u00e7\u00e3o da Alimenta\u00e7\u00e3o e o Sindicato Patronal do setor.<\/p>\n\n\n\n<p>Foi apresentada uma proposta para os Sindicatos da Alimenta\u00e7\u00e3o e a Comiss\u00e3o de Negocia\u00e7\u00e3o, tirando diversos direitos dos trabalhadores(as) que j\u00e1 tinham sido garantidos na conven\u00e7\u00e3o de 2017.<\/p>\n\n\n\n<p>Os Sindicatos presentes na negocia\u00e7\u00e3o com o setor de Frios em suas bases juntamente com a Comiss\u00e3o Executiva de Negocia\u00e7\u00e3o da Federa\u00e7\u00e3o est\u00e1 reconstruindo as propostas para resgatar os pontos necess\u00e1rios para restabelecer os direitos aos trabalhadores, na Cesta B\u00e1sica, Aumento Salarial e demais Cl\u00e1usulas Sociais.<\/p>\n\n\n\n<p>\u2800\u2800\u2800<\/p>\n\n\n\n<figure class=\"wp-block-gallery has-nested-images columns-2 is-cropped wp-block-gallery-1 is-layout-flex wp-block-gallery-is-layout-flex\">\n<figure class=\"wp-block-image size-large\"><a href=\"https:\/\/www.fetiasp.com.br\/site\/wp-content\/uploads\/2023\/07\/1.jpeg\"><img loading=\"lazy\" decoding=\"async\" width=\"1600\" height=\"1200\" data-id=\"12117\" src=\"https:\/\/www.fetiasp.com.br\/site\/wp-content\/uploads\/2023\/07\/1.jpeg\" alt=\"\" class=\"wp-image-12117\" srcset=\"https:\/\/www.fetiasp.com.br\/site\/wp-content\/uploads\/2023\/07\/1.jpeg 1600w, https:\/\/www.fetiasp.com.br\/site\/wp-content\/uploads\/2023\/07\/1-616x462.jpeg 616w, https:\/\/www.fetiasp.com.br\/site\/wp-content\/uploads\/2023\/07\/1-150x113.jpeg 150w, https:\/\/www.fetiasp.com.br\/site\/wp-content\/uploads\/2023\/07\/1-1536x1152.jpeg 1536w, https:\/\/www.fetiasp.com.br\/site\/wp-content\/uploads\/2023\/07\/1-53x41.jpeg 53w\" sizes=\"auto, (max-width: 1600px) 100vw, 1600px\" \/><\/a><\/figure>\n\n\n\n<figure class=\"wp-block-image size-large\"><a href=\"https:\/\/www.fetiasp.com.br\/site\/wp-content\/uploads\/2023\/07\/2.jpeg\"><img loading=\"lazy\" decoding=\"async\" width=\"1024\" height=\"768\" data-id=\"12118\" src=\"https:\/\/www.fetiasp.com.br\/site\/wp-content\/uploads\/2023\/07\/2.jpeg\" alt=\"\" class=\"wp-image-12118\" srcset=\"https:\/\/www.fetiasp.com.br\/site\/wp-content\/uploads\/2023\/07\/2.jpeg 1024w, https:\/\/www.fetiasp.com.br\/site\/wp-content\/uploads\/2023\/07\/2-616x462.jpeg 616w, https:\/\/www.fetiasp.com.br\/site\/wp-content\/uploads\/2023\/07\/2-150x113.jpeg 150w, https:\/\/www.fetiasp.com.br\/site\/wp-content\/uploads\/2023\/07\/2-53x41.jpeg 53w\" sizes=\"auto, (max-width: 1024px) 100vw, 1024px\" \/><\/a><\/figure>\n\n\n\n<figure class=\"wp-block-image size-large\"><a href=\"https:\/\/www.fetiasp.com.br\/site\/wp-content\/uploads\/2023\/07\/3.jpeg\"><img loading=\"lazy\" decoding=\"async\" width=\"1024\" height=\"768\" data-id=\"12119\" src=\"https:\/\/www.fetiasp.com.br\/site\/wp-content\/uploads\/2023\/07\/3.jpeg\" alt=\"\" class=\"wp-image-12119\" srcset=\"https:\/\/www.fetiasp.com.br\/site\/wp-content\/uploads\/2023\/07\/3.jpeg 1024w, https:\/\/www.fetiasp.com.br\/site\/wp-content\/uploads\/2023\/07\/3-616x462.jpeg 616w, https:\/\/www.fetiasp.com.br\/site\/wp-content\/uploads\/2023\/07\/3-150x113.jpeg 150w, https:\/\/www.fetiasp.com.br\/site\/wp-content\/uploads\/2023\/07\/3-53x41.jpeg 53w\" sizes=\"auto, (max-width: 1024px) 100vw, 1024px\" \/><\/a><\/figure>\n<\/figure>\n\n\n\n<p><\/p>\n\n\n\n<p><\/p>\n","protected":false},"excerpt":{"rendered":"<p>Aconteceu nesta ter\u00e7a-feira (20 de Junho) na Federa\u00e7\u00e3o da Alimenta\u00e7\u00e3o &#8211; FETIASP, a 2\u00aa Rodada de Negocia\u00e7\u00f5es do Setor de Frios, realizado pelos Sindicatos dos Trabalhadores juntamente com a Comiss\u00e3o de Negocia\u00e7\u00e3o da Federa\u00e7\u00e3o da Alimenta\u00e7\u00e3o e o Sindicato Patronal [&hellip;]<\/p>\n","protected":false},"author":5,"featured_media":12117,"comment_status":"closed","ping_status":"closed","sticky":false,"template":"","format":"standard","meta":{"ngg_post_thumbnail":0,"footnotes":"","_links_to":"","_links_to_target":""},"categories":[6,3],"tags":[],"class_list":["post-12116","post","type-post","status-publish","format-standard","has-post-thumbnail","hentry","category-destaques","category-noticias"],"_links":{"self":[{"href":"https:\/\/www.fetiasp.com.br\/site\/index.php?rest_route=\/wp\/v2\/posts\/12116","targetHints":{"allow":["GET"]}}],"collection":[{"href":"https:\/\/www.fetiasp.com.br\/site\/index.php?rest_route=\/wp\/v2\/posts"}],"about":[{"href":"https:\/\/www.fetiasp.com.br\/site\/index.php?rest_route=\/wp\/v2\/types\/post"}],"author":[{"embeddable":true,"href":"https:\/\/www.fetiasp.com.br\/site\/index.php?rest_route=\/wp\/v2\/users\/5"}],"replies":[{"embeddable":true,"href":"https:\/\/www.fetiasp.com.br\/site\/index.php?rest_route=%2Fwp%2Fv2%2Fcomments&post=12116"}],"version-history":[{"count":2,"href":"https:\/\/www.fetiasp.com.br\/site\/index.php?rest_route=\/wp\/v2\/posts\/12116\/revisions"}],"predecessor-version":[{"id":12129,"href":"https:\/\/www.fetiasp.com.br\/site\/index.php?rest_route=\/wp\/v2\/posts\/12116\/revisions\/12129"}],"wp:featuredmedia":[{"embeddable":true,"href":"https:\/\/www.fetiasp.com.br\/site\/index.php?rest_route=\/wp\/v2\/media\/12117"}],"wp:attachment":[{"href":"https:\/\/www.fetiasp.com.br\/site\/index.php?rest_route=%2Fwp%2Fv2%2Fmedia&parent=12116"}],"wp:term":[{"taxonomy":"category","embeddable":true,"href":"https:\/\/www.fetiasp.com.br\/site\/index.php?rest_route=%2Fwp%2Fv2%2Fcategories&post=12116"},{"taxonomy":"post_tag","embeddable":true,"href":"https:\/\/www.fetiasp.com.br\/site\/index.php?rest_route=%2Fwp%2Fv2%2Ftags&post=12116"}],"curies":[{"name":"wp","href":"https:\/\/api.w.org\/{rel}","templated":true}]}}