{"id":12474,"date":"2023-10-10T13:24:00","date_gmt":"2023-10-10T13:24:00","guid":{"rendered":"https:\/\/www.fetiasp.com.br\/site\/?p=12474"},"modified":"2023-10-18T13:30:12","modified_gmt":"2023-10-18T13:30:12","slug":"encontro-com-o-ministro-do-trabalho-e-emprego-e-com-o-ministro-chefe-da-secretaria-geralda-presidencia-da-republica","status":"publish","type":"post","link":"https:\/\/www.fetiasp.com.br\/site\/?p=12474","title":{"rendered":"Encontro com o Ministro do Trabalho e Emprego e com o Ministro Chefe da Secretaria-Geralda Presid\u00eancia da Rep\u00fablica"},"content":{"rendered":"\n<p>Aconteceu na ter\u00e7a-feria (10\/10) um encontro com diversas lideran\u00e7as sindicais juntamente com o Ministro do Trabalho e Emprego, Luiz Marinho, e com o Ministro Chefe da Secretaria-Geral da Presid\u00eancia da Rep\u00fablica, M\u00e1rcio Mac\u00eado.<\/p>\n\n\n\n<p>O Secret\u00e1rio de Educa\u00e7\u00e3o e Cultura da Federa\u00e7\u00e3o da Alimenta\u00e7\u00e3o de S\u00e3o Paulo &#8211; FETIASP, e Presidente do Sindicato da Alimenta\u00e7\u00e3o de Campinas &#8211; SITAC &#8211; Marcos Ara\u00fajo, esteve presente no evento representando o setor da alimenta\u00e7\u00e3o nacional, da For\u00e7a Sindical, e outros representantes sindicais de outros setores, que apresentaram documento visando o desenvolvimento nacional, com gera\u00e7\u00e3o de empregos de qualidade, prote\u00e7\u00e3o social e trabalhista, condi\u00e7\u00f5es de trabalho seguras e saud\u00e1veis, e remunera\u00e7\u00e3o justa.<\/p>\n\n\n\n<p>\u2800\u2800\u2800<\/p>\n\n\n\n<figure class=\"wp-block-gallery has-nested-images columns-2 is-cropped wp-block-gallery-1 is-layout-flex wp-block-gallery-is-layout-flex\">\n<figure class=\"wp-block-image size-large\"><a href=\"https:\/\/www.fetiasp.com.br\/site\/wp-content\/uploads\/2023\/10\/1.jpeg\"><img loading=\"lazy\" decoding=\"async\" width=\"1280\" height=\"960\" data-id=\"12475\" src=\"https:\/\/www.fetiasp.com.br\/site\/wp-content\/uploads\/2023\/10\/1.jpeg\" alt=\"\" class=\"wp-image-12475\" srcset=\"https:\/\/www.fetiasp.com.br\/site\/wp-content\/uploads\/2023\/10\/1.jpeg 1280w, https:\/\/www.fetiasp.com.br\/site\/wp-content\/uploads\/2023\/10\/1-616x462.jpeg 616w, https:\/\/www.fetiasp.com.br\/site\/wp-content\/uploads\/2023\/10\/1-150x113.jpeg 150w, https:\/\/www.fetiasp.com.br\/site\/wp-content\/uploads\/2023\/10\/1-53x41.jpeg 53w\" sizes=\"auto, (max-width: 1280px) 100vw, 1280px\" \/><\/a><\/figure>\n\n\n\n<figure class=\"wp-block-image size-large\"><a href=\"https:\/\/www.fetiasp.com.br\/site\/wp-content\/uploads\/2023\/10\/2.jpeg\"><img loading=\"lazy\" decoding=\"async\" width=\"1280\" height=\"960\" data-id=\"12476\" src=\"https:\/\/www.fetiasp.com.br\/site\/wp-content\/uploads\/2023\/10\/2.jpeg\" alt=\"\" class=\"wp-image-12476\" srcset=\"https:\/\/www.fetiasp.com.br\/site\/wp-content\/uploads\/2023\/10\/2.jpeg 1280w, https:\/\/www.fetiasp.com.br\/site\/wp-content\/uploads\/2023\/10\/2-616x462.jpeg 616w, https:\/\/www.fetiasp.com.br\/site\/wp-content\/uploads\/2023\/10\/2-150x113.jpeg 150w, https:\/\/www.fetiasp.com.br\/site\/wp-content\/uploads\/2023\/10\/2-53x41.jpeg 53w\" sizes=\"auto, (max-width: 1280px) 100vw, 1280px\" \/><\/a><\/figure>\n\n\n\n<figure class=\"wp-block-image size-large\"><a href=\"https:\/\/www.fetiasp.com.br\/site\/wp-content\/uploads\/2023\/10\/3.jpeg\"><img loading=\"lazy\" decoding=\"async\" width=\"1280\" height=\"960\" data-id=\"12477\" src=\"https:\/\/www.fetiasp.com.br\/site\/wp-content\/uploads\/2023\/10\/3.jpeg\" alt=\"\" class=\"wp-image-12477\" srcset=\"https:\/\/www.fetiasp.com.br\/site\/wp-content\/uploads\/2023\/10\/3.jpeg 1280w, https:\/\/www.fetiasp.com.br\/site\/wp-content\/uploads\/2023\/10\/3-616x462.jpeg 616w, https:\/\/www.fetiasp.com.br\/site\/wp-content\/uploads\/2023\/10\/3-150x113.jpeg 150w, https:\/\/www.fetiasp.com.br\/site\/wp-content\/uploads\/2023\/10\/3-53x41.jpeg 53w\" sizes=\"auto, (max-width: 1280px) 100vw, 1280px\" \/><\/a><\/figure>\n\n\n\n<figure class=\"wp-block-image size-large\"><a href=\"https:\/\/www.fetiasp.com.br\/site\/wp-content\/uploads\/2023\/10\/4.jpeg\"><img loading=\"lazy\" decoding=\"async\" width=\"1065\" height=\"710\" data-id=\"12478\" src=\"https:\/\/www.fetiasp.com.br\/site\/wp-content\/uploads\/2023\/10\/4.jpeg\" alt=\"\" class=\"wp-image-12478\" srcset=\"https:\/\/www.fetiasp.com.br\/site\/wp-content\/uploads\/2023\/10\/4.jpeg 1065w, https:\/\/www.fetiasp.com.br\/site\/wp-content\/uploads\/2023\/10\/4-616x411.jpeg 616w, https:\/\/www.fetiasp.com.br\/site\/wp-content\/uploads\/2023\/10\/4-150x100.jpeg 150w\" sizes=\"auto, (max-width: 1065px) 100vw, 1065px\" \/><\/a><\/figure>\n<\/figure>\n\n\n\n<p>O documento tamb\u00e9m apresentou assuntos como: desenvolvimento industrial, reindustrializa\u00e7\u00e3o nacional, forma\u00e7\u00e3o e qualifica\u00e7\u00e3o profissional, gera\u00e7\u00e3o de emprego de qualidade e trabalho decente, promo\u00e7\u00e3o de acordos setoriais nacionais. A reuni\u00e3o iniciou \u00e0s 10h e teve dura\u00e7\u00e3o de mais de duas horas.<\/p>\n\n\n\n<p>\u201cFalamos abertamente sobre apresenta\u00e7\u00e3o do PAC \u00e0s Centrais, Confedera\u00e7\u00f5es e Federa\u00e7\u00f5es, al\u00e9m dos sindicatos terem protagonismo na pauta nacional, redu\u00e7\u00e3o jornada trabalho, qualifica\u00e7\u00e3o e requalifica\u00e7\u00e3o de material humano e n\u00e3o deixar o FAT acabar\u201d, disse Marcos.<\/p>\n\n\n\n<p>No site oficial do MTE, uma nota citou o encontro dizendo que Luiz Marinho informou aos representantes que o MTE tem feito alguns pactos com os setores da economia buscando a l\u00f3gica do trabalho decente e que pretende tamb\u00e9m construir essa possibilidade com o setor da constru\u00e7\u00e3o civil. \u201cEst\u00e1 em constru\u00e7\u00e3o a possibilidade de criar pactos voltados a constru\u00e7\u00e3o civil em v\u00e1rios setores, que inclusive t\u00eam grande incid\u00eancia para trabalho an\u00e1logo \u00e0 escravid\u00e3o, para a partir do compromisso com o meio empresarial, trabalhadores e sociedade se elimine o trabalho degradante e a partir da\u00ed a constru\u00e7\u00e3o do conceito do trabalho decente\u201d.\u00a0<\/p>\n\n\n\n<p>A agenda oficial dos encontros entre lideran\u00e7as sindicais e representantes do governo foi criada pela IndustriaLL Brasil, que \u00e9&nbsp; uma associa\u00e7\u00e3o trabalhista formada por representantes da Central \u00danica dos Trabalhadores (CUT) e da For\u00e7a Sindical &#8211; entidades estas que representam 10 milh\u00f5es de trabalhadores e trabalhadoras da ind\u00fastria brasileira.<\/p>\n\n\n\n<p>&nbsp;\u2800\u2800\u2800<\/p>\n\n\n\n<p>Mat\u00e9ria: SITAC Capinas-SP<\/p>\n","protected":false},"excerpt":{"rendered":"<p>Aconteceu na ter\u00e7a-feria (10\/10) um encontro com diversas lideran\u00e7as sindicais juntamente com o Ministro do Trabalho e Emprego, Luiz Marinho, e com o Ministro Chefe da Secretaria-Geral da Presid\u00eancia da Rep\u00fablica, M\u00e1rcio Mac\u00eado. O Secret\u00e1rio de Educa\u00e7\u00e3o e Cultura da [&hellip;]<\/p>\n","protected":false},"author":5,"featured_media":12478,"comment_status":"closed","ping_status":"closed","sticky":true,"template":"","format":"standard","meta":{"ngg_post_thumbnail":0,"footnotes":"","_links_to":"","_links_to_target":""},"categories":[6,345],"tags":[],"class_list":["post-12474","post","type-post","status-publish","format-standard","has-post-thumbnail","hentry","category-destaques","category-fotos"],"_links":{"self":[{"href":"https:\/\/www.fetiasp.com.br\/site\/index.php?rest_route=\/wp\/v2\/posts\/12474","targetHints":{"allow":["GET"]}}],"collection":[{"href":"https:\/\/www.fetiasp.com.br\/site\/index.php?rest_route=\/wp\/v2\/posts"}],"about":[{"href":"https:\/\/www.fetiasp.com.br\/site\/index.php?rest_route=\/wp\/v2\/types\/post"}],"author":[{"embeddable":true,"href":"https:\/\/www.fetiasp.com.br\/site\/index.php?rest_route=\/wp\/v2\/users\/5"}],"replies":[{"embeddable":true,"href":"https:\/\/www.fetiasp.com.br\/site\/index.php?rest_route=%2Fwp%2Fv2%2Fcomments&post=12474"}],"version-history":[{"count":2,"href":"https:\/\/www.fetiasp.com.br\/site\/index.php?rest_route=\/wp\/v2\/posts\/12474\/revisions"}],"predecessor-version":[{"id":12481,"href":"https:\/\/www.fetiasp.com.br\/site\/index.php?rest_route=\/wp\/v2\/posts\/12474\/revisions\/12481"}],"wp:featuredmedia":[{"embeddable":true,"href":"https:\/\/www.fetiasp.com.br\/site\/index.php?rest_route=\/wp\/v2\/media\/12478"}],"wp:attachment":[{"href":"https:\/\/www.fetiasp.com.br\/site\/index.php?rest_route=%2Fwp%2Fv2%2Fmedia&parent=12474"}],"wp:term":[{"taxonomy":"category","embeddable":true,"href":"https:\/\/www.fetiasp.com.br\/site\/index.php?rest_route=%2Fwp%2Fv2%2Fcategories&post=12474"},{"taxonomy":"post_tag","embeddable":true,"href":"https:\/\/www.fetiasp.com.br\/site\/index.php?rest_route=%2Fwp%2Fv2%2Ftags&post=12474"}],"curies":[{"name":"wp","href":"https:\/\/api.w.org\/{rel}","templated":true}]}}