{"id":12508,"date":"2023-12-05T18:13:00","date_gmt":"2023-12-05T18:13:00","guid":{"rendered":"https:\/\/www.fetiasp.com.br\/site\/?p=12508"},"modified":"2024-01-17T18:22:43","modified_gmt":"2024-01-17T18:22:43","slug":"assinatura-cct-plurimo-cacau-massas-e-sorvetes","status":"publish","type":"post","link":"https:\/\/www.fetiasp.com.br\/site\/?p=12508","title":{"rendered":"Assinatura CCT Pl\u00farimo (Cacau, Massas e Sorvetes)"},"content":{"rendered":"<p>Aconteceu nesta manh\u00e3 (ter\u00e7a-feira 05\/12) na sede da Federa\u00e7\u00e3o dos Trabalhadores nas Ind\u00fastrias de Alimenta\u00e7\u00e3o do Estado de S\u00e3o Paulo &#8211; Fetiasp, a assinatura CCT Plurimo (Cacau, Massas e Sorvetes) envolvendo o Presidente da Federa\u00e7\u00e3o da Alimenta\u00e7\u00e3o &#8211; Ant\u00f4nio Vitor, Carlucio Gomes da Rocha &#8211; Tesoureiro da FETIASP, Dr. Nelson da Silva &#8211; Advogado Fetiasp, Juliana Tanese &#8211; Depto. Jur\u00eddico da Fetiasp, Wilson Vidotto Manzon &#8211; Presidente do STIAM e Secret\u00e1rio Geral da FETIASP, F\u00e2nio Luis Gomes &#8211; Presidente do STIAP e Secret\u00e1rio de Divulga\u00e7\u00e3o e Imprensa da FETIASP, Marcos Ara\u00fajo &#8211; Presidente do SITAC e Secret\u00e1rio de Educa\u00e7\u00e3o da FETIASP, juntamente com os representantes patronais, Domingos Ant\u00f4nio D&#8217;angelo &#8211; Procurador Sindicato da Ind\u00fastria de Produtos de Cacau\/Chocolates\/Balas e Derivados no estado de S\u00e3o Paulo e Mariane Almendro &#8211; Advogada\/FIESP.<\/p>\n\n\n<figure class=\"wp-block-gallery has-nested-images columns-2 is-cropped wp-block-gallery-1 is-layout-flex wp-block-gallery-is-layout-flex\">\n<figure class=\"wp-block-image size-large\"><img loading=\"lazy\" decoding=\"async\" width=\"1994\" height=\"1333\" data-id=\"12509\" src=\"https:\/\/www.fetiasp.com.br\/site\/wp-content\/uploads\/2024\/01\/DSC_2693.jpg\" alt=\"\" class=\"wp-image-12509\" srcset=\"https:\/\/www.fetiasp.com.br\/site\/wp-content\/uploads\/2024\/01\/DSC_2693.jpg 1994w, https:\/\/www.fetiasp.com.br\/site\/wp-content\/uploads\/2024\/01\/DSC_2693-616x412.jpg 616w, https:\/\/www.fetiasp.com.br\/site\/wp-content\/uploads\/2024\/01\/DSC_2693-150x100.jpg 150w, https:\/\/www.fetiasp.com.br\/site\/wp-content\/uploads\/2024\/01\/DSC_2693-1536x1027.jpg 1536w\" sizes=\"auto, (max-width: 1994px) 100vw, 1994px\" \/><\/figure>\n\n\n\n<figure class=\"wp-block-image size-large\"><img loading=\"lazy\" decoding=\"async\" width=\"2113\" height=\"1413\" data-id=\"12511\" src=\"https:\/\/www.fetiasp.com.br\/site\/wp-content\/uploads\/2024\/01\/DSC_2708-c.jpg\" alt=\"\" class=\"wp-image-12511\" srcset=\"https:\/\/www.fetiasp.com.br\/site\/wp-content\/uploads\/2024\/01\/DSC_2708-c.jpg 2113w, https:\/\/www.fetiasp.com.br\/site\/wp-content\/uploads\/2024\/01\/DSC_2708-c-616x412.jpg 616w, https:\/\/www.fetiasp.com.br\/site\/wp-content\/uploads\/2024\/01\/DSC_2708-c-150x100.jpg 150w, https:\/\/www.fetiasp.com.br\/site\/wp-content\/uploads\/2024\/01\/DSC_2708-c-1536x1027.jpg 1536w, https:\/\/www.fetiasp.com.br\/site\/wp-content\/uploads\/2024\/01\/DSC_2708-c-2048x1370.jpg 2048w\" sizes=\"auto, (max-width: 2113px) 100vw, 2113px\" \/><\/figure>\n\n\n\n<figure class=\"wp-block-image size-large\"><img loading=\"lazy\" decoding=\"async\" width=\"1994\" height=\"1333\" data-id=\"12510\" src=\"https:\/\/www.fetiasp.com.br\/site\/wp-content\/uploads\/2024\/01\/DSC_2697.jpg\" alt=\"\" class=\"wp-image-12510\" srcset=\"https:\/\/www.fetiasp.com.br\/site\/wp-content\/uploads\/2024\/01\/DSC_2697.jpg 1994w, https:\/\/www.fetiasp.com.br\/site\/wp-content\/uploads\/2024\/01\/DSC_2697-616x412.jpg 616w, https:\/\/www.fetiasp.com.br\/site\/wp-content\/uploads\/2024\/01\/DSC_2697-150x100.jpg 150w, https:\/\/www.fetiasp.com.br\/site\/wp-content\/uploads\/2024\/01\/DSC_2697-1536x1027.jpg 1536w\" sizes=\"auto, (max-width: 1994px) 100vw, 1994px\" \/><\/figure>\n<\/figure>\n","protected":false},"excerpt":{"rendered":"<p>Aconteceu nesta manh\u00e3 (ter\u00e7a-feira 05\/12) na sede da Federa\u00e7\u00e3o dos Trabalhadores nas Ind\u00fastrias de Alimenta\u00e7\u00e3o do Estado de S\u00e3o Paulo &#8211; Fetiasp, a assinatura CCT Plurimo (Cacau, Massas e Sorvetes) envolvendo o Presidente da Federa\u00e7\u00e3o da Alimenta\u00e7\u00e3o &#8211; Ant\u00f4nio Vitor, [&hellip;]<\/p>\n","protected":false},"author":1,"featured_media":12509,"comment_status":"closed","ping_status":"closed","sticky":true,"template":"","format":"standard","meta":{"ngg_post_thumbnail":0,"footnotes":"","_links_to":"","_links_to_target":""},"categories":[6,345],"tags":[],"class_list":["post-12508","post","type-post","status-publish","format-standard","has-post-thumbnail","hentry","category-destaques","category-fotos"],"_links":{"self":[{"href":"https:\/\/www.fetiasp.com.br\/site\/index.php?rest_route=\/wp\/v2\/posts\/12508","targetHints":{"allow":["GET"]}}],"collection":[{"href":"https:\/\/www.fetiasp.com.br\/site\/index.php?rest_route=\/wp\/v2\/posts"}],"about":[{"href":"https:\/\/www.fetiasp.com.br\/site\/index.php?rest_route=\/wp\/v2\/types\/post"}],"author":[{"embeddable":true,"href":"https:\/\/www.fetiasp.com.br\/site\/index.php?rest_route=\/wp\/v2\/users\/1"}],"replies":[{"embeddable":true,"href":"https:\/\/www.fetiasp.com.br\/site\/index.php?rest_route=%2Fwp%2Fv2%2Fcomments&post=12508"}],"version-history":[{"count":1,"href":"https:\/\/www.fetiasp.com.br\/site\/index.php?rest_route=\/wp\/v2\/posts\/12508\/revisions"}],"predecessor-version":[{"id":12512,"href":"https:\/\/www.fetiasp.com.br\/site\/index.php?rest_route=\/wp\/v2\/posts\/12508\/revisions\/12512"}],"wp:featuredmedia":[{"embeddable":true,"href":"https:\/\/www.fetiasp.com.br\/site\/index.php?rest_route=\/wp\/v2\/media\/12509"}],"wp:attachment":[{"href":"https:\/\/www.fetiasp.com.br\/site\/index.php?rest_route=%2Fwp%2Fv2%2Fmedia&parent=12508"}],"wp:term":[{"taxonomy":"category","embeddable":true,"href":"https:\/\/www.fetiasp.com.br\/site\/index.php?rest_route=%2Fwp%2Fv2%2Fcategories&post=12508"},{"taxonomy":"post_tag","embeddable":true,"href":"https:\/\/www.fetiasp.com.br\/site\/index.php?rest_route=%2Fwp%2Fv2%2Ftags&post=12508"}],"curies":[{"name":"wp","href":"https:\/\/api.w.org\/{rel}","templated":true}]}}