{"id":12520,"date":"2024-01-24T19:25:31","date_gmt":"2024-01-24T19:25:31","guid":{"rendered":"https:\/\/www.fetiasp.com.br\/site\/?p=12520"},"modified":"2024-01-24T19:25:32","modified_gmt":"2024-01-24T19:25:32","slug":"diretoria-da-fetiasp-se-reune-com-dr-josue-gomes-presidente-da-fiesp","status":"publish","type":"post","link":"https:\/\/www.fetiasp.com.br\/site\/?p=12520","title":{"rendered":"Diretoria da FETIASP se re\u00fane com Dr. Josu\u00e9 Gomes &#8211; Presidente da FIESP"},"content":{"rendered":"\n<p>Na manh\u00e3 desta ter\u00e7a-feira (23\/01) a Diretoria da Federa\u00e7\u00e3o da Alimenta\u00e7\u00e3o &#8211; FETIASP, participou de uma reuni\u00e3o de cortesia entre as duas Federa\u00e7\u00f5es, FETIASP e FIESP, para an\u00e1lise do atual momento sindical-trabalhista.<\/p>\n\n\n\n<p>Participaram da reuni\u00e3o, da esquerda para direita, F\u00e2nio Luis Gomes &#8211; Sec. Divulg. e Imprensa da FETIASP e Presidente do Stia Piracicaba, Dra. Veruska Farani &#8211; Gerente do Departamento Sindical, Dr. Paulo Henrique Schoueri &#8211; Vice-presidente da FIESP e Diretor Titular do Departamento Sindical, Dr. Josu\u00e9 Christiano Gomes da Silva &#8211; Presidente da Fiesp, Antonio Vitor &#8211; Presidente da FETIASP, Neusa Barbosa de Lima &#8211; Vice Presidente da FETIASP, Jonas Gomes de Araujo &#8211; Presidente do Stia Cosm\u00f3polis e Carl\u00facio Gomes da Rocha &#8211; Tesoureiro da FETIASP.<\/p>\n\n\n\n<figure class=\"wp-block-gallery has-nested-images columns-default is-cropped wp-block-gallery-1 is-layout-flex wp-block-gallery-is-layout-flex\">\n<figure class=\"wp-block-image size-large\"><img loading=\"lazy\" decoding=\"async\" width=\"2000\" height=\"1333\" data-id=\"12521\" src=\"https:\/\/www.fetiasp.com.br\/site\/wp-content\/uploads\/2024\/01\/WhatsApp-Image-2024-01-23-at-17.51.08.jpg\" alt=\"\" class=\"wp-image-12521\" srcset=\"https:\/\/www.fetiasp.com.br\/site\/wp-content\/uploads\/2024\/01\/WhatsApp-Image-2024-01-23-at-17.51.08.jpg 2000w, https:\/\/www.fetiasp.com.br\/site\/wp-content\/uploads\/2024\/01\/WhatsApp-Image-2024-01-23-at-17.51.08-616x411.jpg 616w, https:\/\/www.fetiasp.com.br\/site\/wp-content\/uploads\/2024\/01\/WhatsApp-Image-2024-01-23-at-17.51.08-150x100.jpg 150w, https:\/\/www.fetiasp.com.br\/site\/wp-content\/uploads\/2024\/01\/WhatsApp-Image-2024-01-23-at-17.51.08-1536x1024.jpg 1536w\" sizes=\"auto, (max-width: 2000px) 100vw, 2000px\" \/><\/figure>\n<\/figure>\n\n\n\n<p>Na oportunidade puderam tratar de v\u00e1rios assuntos como Conjuntura Nacional, Pol\u00edtica Nacional, Pol\u00edtica Estadual Sindical e alguns temas relevantes para assim alinhar a\u00e7\u00f5es em conjunto contra os esfacelamentos do movimento sindical.<\/p>\n\n\n\n<p>Ser\u00e1 marcado agora uma reuni\u00e3o oficial de trabalho para elencarmos os principais pontos que se converge em interesse tanto para o patronal como para os trabalhadores, al\u00e9m do di\u00e1logo sobre a sustenta\u00e7\u00e3o financeira, tanto dos Sindicatos Patronais quanto os Sindicatos representantes dos Trabalhadores e Federa\u00e7\u00f5es, tanto de primeiro, segundo e terceiro grau na quest\u00e3o financeira &#8211; Destacou Antonio Vitor.<\/p>\n","protected":false},"excerpt":{"rendered":"<p>Na manh\u00e3 desta ter\u00e7a-feira (23\/01) a Diretoria da Federa\u00e7\u00e3o da Alimenta\u00e7\u00e3o &#8211; FETIASP, participou de uma reuni\u00e3o de cortesia entre as duas Federa\u00e7\u00f5es, FETIASP e FIESP, para an\u00e1lise do atual momento sindical-trabalhista. Participaram da reuni\u00e3o, da esquerda para direita, F\u00e2nio [&hellip;]<\/p>\n","protected":false},"author":5,"featured_media":12521,"comment_status":"closed","ping_status":"closed","sticky":true,"template":"","format":"standard","meta":{"ngg_post_thumbnail":0,"footnotes":"","_links_to":"","_links_to_target":""},"categories":[6,3],"tags":[],"class_list":["post-12520","post","type-post","status-publish","format-standard","has-post-thumbnail","hentry","category-destaques","category-noticias"],"_links":{"self":[{"href":"https:\/\/www.fetiasp.com.br\/site\/index.php?rest_route=\/wp\/v2\/posts\/12520","targetHints":{"allow":["GET"]}}],"collection":[{"href":"https:\/\/www.fetiasp.com.br\/site\/index.php?rest_route=\/wp\/v2\/posts"}],"about":[{"href":"https:\/\/www.fetiasp.com.br\/site\/index.php?rest_route=\/wp\/v2\/types\/post"}],"author":[{"embeddable":true,"href":"https:\/\/www.fetiasp.com.br\/site\/index.php?rest_route=\/wp\/v2\/users\/5"}],"replies":[{"embeddable":true,"href":"https:\/\/www.fetiasp.com.br\/site\/index.php?rest_route=%2Fwp%2Fv2%2Fcomments&post=12520"}],"version-history":[{"count":1,"href":"https:\/\/www.fetiasp.com.br\/site\/index.php?rest_route=\/wp\/v2\/posts\/12520\/revisions"}],"predecessor-version":[{"id":12522,"href":"https:\/\/www.fetiasp.com.br\/site\/index.php?rest_route=\/wp\/v2\/posts\/12520\/revisions\/12522"}],"wp:featuredmedia":[{"embeddable":true,"href":"https:\/\/www.fetiasp.com.br\/site\/index.php?rest_route=\/wp\/v2\/media\/12521"}],"wp:attachment":[{"href":"https:\/\/www.fetiasp.com.br\/site\/index.php?rest_route=%2Fwp%2Fv2%2Fmedia&parent=12520"}],"wp:term":[{"taxonomy":"category","embeddable":true,"href":"https:\/\/www.fetiasp.com.br\/site\/index.php?rest_route=%2Fwp%2Fv2%2Fcategories&post=12520"},{"taxonomy":"post_tag","embeddable":true,"href":"https:\/\/www.fetiasp.com.br\/site\/index.php?rest_route=%2Fwp%2Fv2%2Ftags&post=12520"}],"curies":[{"name":"wp","href":"https:\/\/api.w.org\/{rel}","templated":true}]}}