{"id":12739,"date":"2025-06-26T13:00:00","date_gmt":"2025-06-26T13:00:00","guid":{"rendered":"https:\/\/www.fetiasp.com.br\/site\/?p=12739"},"modified":"2025-07-02T14:08:14","modified_gmt":"2025-07-02T14:08:14","slug":"trabalhadores-da-ajinomoto-rejeitam-proposta-de-reajuste-abaixo-da-inflacao","status":"publish","type":"post","link":"https:\/\/www.fetiasp.com.br\/site\/?p=12739","title":{"rendered":"Trabalhadores da Ajinomoto rejeitam proposta de reajuste abaixo da infla\u00e7\u00e3o!"},"content":{"rendered":"\n<p>Trabalhadores da Ajinomoto rejeitam proposta de reajuste abaixo da infla\u00e7\u00e3o!<\/p>\n\n\n\n<p>A Federa\u00e7\u00e3o da Alimenta\u00e7\u00e3o representada pelo seu tesoureiro \u2013 Carlucio Gomes da Rocha, esteve presente, em apoio ao Stia. Limeira, juntamente com demais entidades sindicais filiadas \u00e0 Federa\u00e7\u00e3o de uma assembleia envolvendo trabalhadores(as) da Ajinomoto &#8211; unidade de Limeira-SP.<\/p>\n\n\n\n<p>Durante a assembleia, os trabalhadores(as) rejeitaram a proposta da empresa que propunha reajuste salarial inferior \u00e0 infla\u00e7\u00e3o do per\u00edodo. Eles afirmam que, se a proposta n\u00e3o melhorar, podem paralisar a produ\u00e7\u00e3o.<\/p>\n\n\n\n<p>\u201cO reajuste oferecido era de 4%, contra infla\u00e7\u00e3o acumulada de 5,32% (INPC) nos \u00faltimos 12 meses. Isto representa perda de poder de compra para os trabalhadores\u201d, afirmou o presidente do STIAL (Sindicato dos Trabalhadores nas Ind\u00fastrias da Alimenta\u00e7\u00e3o de Limeira e Regi\u00e3o), Artur Bueno J\u00fanior.<\/p>\n\n\n\n<figure class=\"wp-block-gallery has-nested-images columns-2 is-cropped wp-block-gallery-1 is-layout-flex wp-block-gallery-is-layout-flex\">\n<figure class=\"wp-block-image size-medium\"><img loading=\"lazy\" decoding=\"async\" width=\"616\" height=\"462\" data-id=\"12748\" src=\"https:\/\/www.fetiasp.com.br\/site\/wp-content\/uploads\/2025\/07\/1-616x462.jpeg\" alt=\"\" class=\"wp-image-12748\" srcset=\"https:\/\/www.fetiasp.com.br\/site\/wp-content\/uploads\/2025\/07\/1-616x462.jpeg 616w, https:\/\/www.fetiasp.com.br\/site\/wp-content\/uploads\/2025\/07\/1-150x113.jpeg 150w, https:\/\/www.fetiasp.com.br\/site\/wp-content\/uploads\/2025\/07\/1-1536x1152.jpeg 1536w, https:\/\/www.fetiasp.com.br\/site\/wp-content\/uploads\/2025\/07\/1-53x41.jpeg 53w, https:\/\/www.fetiasp.com.br\/site\/wp-content\/uploads\/2025\/07\/1.jpeg 1600w\" sizes=\"auto, (max-width: 616px) 100vw, 616px\" \/><\/figure>\n\n\n\n<figure class=\"wp-block-image size-medium\"><img loading=\"lazy\" decoding=\"async\" width=\"616\" height=\"347\" data-id=\"12740\" src=\"https:\/\/www.fetiasp.com.br\/site\/wp-content\/uploads\/2025\/07\/2-616x347.jpeg\" alt=\"\" class=\"wp-image-12740\" srcset=\"https:\/\/www.fetiasp.com.br\/site\/wp-content\/uploads\/2025\/07\/2-616x347.jpeg 616w, https:\/\/www.fetiasp.com.br\/site\/wp-content\/uploads\/2025\/07\/2-150x84.jpeg 150w, https:\/\/www.fetiasp.com.br\/site\/wp-content\/uploads\/2025\/07\/2.jpeg 1280w\" sizes=\"auto, (max-width: 616px) 100vw, 616px\" \/><\/figure>\n\n\n\n<figure class=\"wp-block-image size-medium\"><img loading=\"lazy\" decoding=\"async\" width=\"616\" height=\"347\" data-id=\"12742\" src=\"https:\/\/www.fetiasp.com.br\/site\/wp-content\/uploads\/2025\/07\/4-616x347.jpeg\" alt=\"\" class=\"wp-image-12742\" srcset=\"https:\/\/www.fetiasp.com.br\/site\/wp-content\/uploads\/2025\/07\/4-616x347.jpeg 616w, https:\/\/www.fetiasp.com.br\/site\/wp-content\/uploads\/2025\/07\/4-150x84.jpeg 150w, https:\/\/www.fetiasp.com.br\/site\/wp-content\/uploads\/2025\/07\/4.jpeg 1280w\" sizes=\"auto, (max-width: 616px) 100vw, 616px\" \/><\/figure>\n\n\n\n<figure class=\"wp-block-image size-medium\"><img loading=\"lazy\" decoding=\"async\" width=\"616\" height=\"347\" data-id=\"12741\" src=\"https:\/\/www.fetiasp.com.br\/site\/wp-content\/uploads\/2025\/07\/3-616x347.jpeg\" alt=\"\" class=\"wp-image-12741\" srcset=\"https:\/\/www.fetiasp.com.br\/site\/wp-content\/uploads\/2025\/07\/3-616x347.jpeg 616w, https:\/\/www.fetiasp.com.br\/site\/wp-content\/uploads\/2025\/07\/3-150x84.jpeg 150w, https:\/\/www.fetiasp.com.br\/site\/wp-content\/uploads\/2025\/07\/3.jpeg 1280w\" sizes=\"auto, (max-width: 616px) 100vw, 616px\" \/><\/figure>\n\n\n\n<figure class=\"wp-block-image size-medium\"><img loading=\"lazy\" decoding=\"async\" width=\"616\" height=\"347\" data-id=\"12743\" src=\"https:\/\/www.fetiasp.com.br\/site\/wp-content\/uploads\/2025\/07\/5-616x347.jpeg\" alt=\"\" class=\"wp-image-12743\" srcset=\"https:\/\/www.fetiasp.com.br\/site\/wp-content\/uploads\/2025\/07\/5-616x347.jpeg 616w, https:\/\/www.fetiasp.com.br\/site\/wp-content\/uploads\/2025\/07\/5-150x84.jpeg 150w, https:\/\/www.fetiasp.com.br\/site\/wp-content\/uploads\/2025\/07\/5.jpeg 1280w\" sizes=\"auto, (max-width: 616px) 100vw, 616px\" \/><\/figure>\n\n\n\n<figure class=\"wp-block-image size-medium\"><img loading=\"lazy\" decoding=\"async\" width=\"616\" height=\"347\" data-id=\"12744\" src=\"https:\/\/www.fetiasp.com.br\/site\/wp-content\/uploads\/2025\/07\/6-616x347.jpeg\" alt=\"\" class=\"wp-image-12744\" srcset=\"https:\/\/www.fetiasp.com.br\/site\/wp-content\/uploads\/2025\/07\/6-616x347.jpeg 616w, https:\/\/www.fetiasp.com.br\/site\/wp-content\/uploads\/2025\/07\/6-150x84.jpeg 150w, https:\/\/www.fetiasp.com.br\/site\/wp-content\/uploads\/2025\/07\/6.jpeg 1280w\" sizes=\"auto, (max-width: 616px) 100vw, 616px\" \/><\/figure>\n\n\n\n<figure class=\"wp-block-image size-medium\"><img loading=\"lazy\" decoding=\"async\" width=\"1280\" height=\"720\" data-id=\"12745\" src=\"https:\/\/www.fetiasp.com.br\/site\/wp-content\/uploads\/2025\/07\/7-616x347.jpeg\" alt=\"\" class=\"wp-image-12745\" srcset=\"https:\/\/www.fetiasp.com.br\/site\/wp-content\/uploads\/2025\/07\/7-616x347.jpeg 616w, https:\/\/www.fetiasp.com.br\/site\/wp-content\/uploads\/2025\/07\/7-150x84.jpeg 150w, https:\/\/www.fetiasp.com.br\/site\/wp-content\/uploads\/2025\/07\/7.jpeg 1280w\" sizes=\"auto, (max-width: 1280px) 100vw, 1280px\" \/><\/figure>\n\n\n\n<figure class=\"wp-block-image size-medium\"><img loading=\"lazy\" decoding=\"async\" width=\"616\" height=\"347\" data-id=\"12746\" src=\"https:\/\/www.fetiasp.com.br\/site\/wp-content\/uploads\/2025\/07\/8-616x347.jpeg\" alt=\"\" class=\"wp-image-12746\" srcset=\"https:\/\/www.fetiasp.com.br\/site\/wp-content\/uploads\/2025\/07\/8-616x347.jpeg 616w, https:\/\/www.fetiasp.com.br\/site\/wp-content\/uploads\/2025\/07\/8-150x84.jpeg 150w, https:\/\/www.fetiasp.com.br\/site\/wp-content\/uploads\/2025\/07\/8.jpeg 1280w\" sizes=\"auto, (max-width: 616px) 100vw, 616px\" \/><\/figure>\n\n\n\n<figure class=\"wp-block-image size-medium\"><img loading=\"lazy\" decoding=\"async\" width=\"616\" height=\"347\" data-id=\"12747\" src=\"https:\/\/www.fetiasp.com.br\/site\/wp-content\/uploads\/2025\/07\/9-616x347.jpeg\" alt=\"\" class=\"wp-image-12747\" srcset=\"https:\/\/www.fetiasp.com.br\/site\/wp-content\/uploads\/2025\/07\/9-616x347.jpeg 616w, https:\/\/www.fetiasp.com.br\/site\/wp-content\/uploads\/2025\/07\/9-150x84.jpeg 150w, https:\/\/www.fetiasp.com.br\/site\/wp-content\/uploads\/2025\/07\/9.jpeg 1280w\" sizes=\"auto, (max-width: 616px) 100vw, 616px\" \/><\/figure>\n<\/figure>\n\n\n\n<p>A rejei\u00e7\u00e3o foi formalizada durante assembleia realizada pelo Sindicato na portaria da empresa, e que contou com o nosso apoio da FETIASP (Federa\u00e7\u00e3o dos Trabalhadores nas Ind\u00fastrias da Alimenta\u00e7\u00e3o do Estado de S\u00e3o Paulo) e da CNTA (Confedera\u00e7\u00e3o Nacional dos Trabalhadores nas Ind\u00fastrias da Alimenta\u00e7\u00e3o e Afins). Al\u00e9m disso, teve participa\u00e7\u00e3o dos Sindicatos da Alimenta\u00e7\u00e3o de Barretos, Campinas, Capivari, Maraca\u00ed, Piracicaba e Presidente Prudente\u2800\u2800\u2800<\/p>\n\n\n\n<p>Mat\u00e9ria: Stia. Limeira e Speak M\u00eddia Comunica\u00e7\u00e3o.<\/p>\n","protected":false},"excerpt":{"rendered":"<p>Trabalhadores da Ajinomoto rejeitam proposta de reajuste abaixo da infla\u00e7\u00e3o! A Federa\u00e7\u00e3o da Alimenta\u00e7\u00e3o representada pelo seu tesoureiro \u2013 Carlucio Gomes da Rocha, esteve presente, em apoio ao Stia. Limeira, juntamente com demais entidades sindicais filiadas \u00e0 Federa\u00e7\u00e3o de uma [&hellip;]<\/p>\n","protected":false},"author":5,"featured_media":12748,"comment_status":"closed","ping_status":"closed","sticky":true,"template":"","format":"standard","meta":{"ngg_post_thumbnail":0,"footnotes":"","_links_to":"","_links_to_target":""},"categories":[6,345],"tags":[],"class_list":["post-12739","post","type-post","status-publish","format-standard","has-post-thumbnail","hentry","category-destaques","category-fotos"],"_links":{"self":[{"href":"https:\/\/www.fetiasp.com.br\/site\/index.php?rest_route=\/wp\/v2\/posts\/12739","targetHints":{"allow":["GET"]}}],"collection":[{"href":"https:\/\/www.fetiasp.com.br\/site\/index.php?rest_route=\/wp\/v2\/posts"}],"about":[{"href":"https:\/\/www.fetiasp.com.br\/site\/index.php?rest_route=\/wp\/v2\/types\/post"}],"author":[{"embeddable":true,"href":"https:\/\/www.fetiasp.com.br\/site\/index.php?rest_route=\/wp\/v2\/users\/5"}],"replies":[{"embeddable":true,"href":"https:\/\/www.fetiasp.com.br\/site\/index.php?rest_route=%2Fwp%2Fv2%2Fcomments&post=12739"}],"version-history":[{"count":1,"href":"https:\/\/www.fetiasp.com.br\/site\/index.php?rest_route=\/wp\/v2\/posts\/12739\/revisions"}],"predecessor-version":[{"id":12749,"href":"https:\/\/www.fetiasp.com.br\/site\/index.php?rest_route=\/wp\/v2\/posts\/12739\/revisions\/12749"}],"wp:featuredmedia":[{"embeddable":true,"href":"https:\/\/www.fetiasp.com.br\/site\/index.php?rest_route=\/wp\/v2\/media\/12748"}],"wp:attachment":[{"href":"https:\/\/www.fetiasp.com.br\/site\/index.php?rest_route=%2Fwp%2Fv2%2Fmedia&parent=12739"}],"wp:term":[{"taxonomy":"category","embeddable":true,"href":"https:\/\/www.fetiasp.com.br\/site\/index.php?rest_route=%2Fwp%2Fv2%2Fcategories&post=12739"},{"taxonomy":"post_tag","embeddable":true,"href":"https:\/\/www.fetiasp.com.br\/site\/index.php?rest_route=%2Fwp%2Fv2%2Ftags&post=12739"}],"curies":[{"name":"wp","href":"https:\/\/api.w.org\/{rel}","templated":true}]}}