{"id":12923,"date":"2025-09-03T16:08:26","date_gmt":"2025-09-03T16:08:26","guid":{"rendered":"https:\/\/www.fetiasp.com.br\/site\/?p=12923"},"modified":"2025-09-07T16:15:54","modified_gmt":"2025-09-07T16:15:54","slug":"1a-rodada-de-negociacoes-do-setor-de-panificacao","status":"publish","type":"post","link":"https:\/\/www.fetiasp.com.br\/site\/?p=12923","title":{"rendered":"1\u00aa Rodada de Negocia\u00e7\u00f5es do Setor de Panifica\u00e7\u00e3o"},"content":{"rendered":"\n<p>O Presidente da FETIASP &#8211; Melquiades de Araujo participou essa semana (03\/09) na Sede do Sindicato dos trabalhadores das Ind\u00fastrias da Alimenta\u00e7\u00e3o de S\u00e3o Jos\u00e9 do Rio Preto, da 1\u00aa rodada de negocia\u00e7\u00f5es do setor de Panifica\u00e7\u00e3o cuja data-base ocorre todos os anos em 1\u00ba de setembro.<\/p>\n\n\n\n<figure class=\"wp-block-gallery has-nested-images columns-default is-cropped wp-block-gallery-1 is-layout-flex wp-block-gallery-is-layout-flex\">\n<figure class=\"wp-block-image size-large\"><img loading=\"lazy\" decoding=\"async\" width=\"1600\" height=\"900\" data-id=\"12924\" src=\"https:\/\/www.fetiasp.com.br\/site\/wp-content\/uploads\/2025\/09\/1.jpg\" alt=\"\" class=\"wp-image-12924\" srcset=\"https:\/\/www.fetiasp.com.br\/site\/wp-content\/uploads\/2025\/09\/1.jpg 1600w, https:\/\/www.fetiasp.com.br\/site\/wp-content\/uploads\/2025\/09\/1-616x347.jpg 616w, https:\/\/www.fetiasp.com.br\/site\/wp-content\/uploads\/2025\/09\/1-150x84.jpg 150w, https:\/\/www.fetiasp.com.br\/site\/wp-content\/uploads\/2025\/09\/1-1536x864.jpg 1536w\" sizes=\"auto, (max-width: 1600px) 100vw, 1600px\" \/><\/figure>\n\n\n\n<figure class=\"wp-block-image size-large\"><img loading=\"lazy\" decoding=\"async\" width=\"1600\" height=\"900\" data-id=\"12925\" src=\"https:\/\/www.fetiasp.com.br\/site\/wp-content\/uploads\/2025\/09\/2.jpg\" alt=\"\" class=\"wp-image-12925\" srcset=\"https:\/\/www.fetiasp.com.br\/site\/wp-content\/uploads\/2025\/09\/2.jpg 1600w, https:\/\/www.fetiasp.com.br\/site\/wp-content\/uploads\/2025\/09\/2-616x347.jpg 616w, https:\/\/www.fetiasp.com.br\/site\/wp-content\/uploads\/2025\/09\/2-150x84.jpg 150w, https:\/\/www.fetiasp.com.br\/site\/wp-content\/uploads\/2025\/09\/2-1536x864.jpg 1536w\" sizes=\"auto, (max-width: 1600px) 100vw, 1600px\" \/><\/figure>\n<\/figure>\n\n\n\n<p>A rodada contou com Sindicatos filiados e n\u00e3o filiados \u00e0 Federa\u00e7\u00e3o da Alimenta\u00e7\u00e3o \u2013 FETIASP, sendo discutida entre os representantes dos sindicatos &#8211; Stia. Rio Preto, Stia. Campinas SITAC, Stia Catanduva, Stia Votuporanga, Stia Ol\u00edmpia e Stia Pontes Gestal que apesar de n\u00e3o estar presente nesta 1\u00aa rodada, faz parte do grupo de negocia\u00e7\u00e3o dessa categoria, al\u00e9m da bancada patronal do setor.<\/p>\n\n\n\n<p>Melquiades de Araujo que reassumiu a Federa\u00e7\u00e3o em agosto fez quest\u00e3o de participar pessoalmente da reuni\u00e3o em Rio Preto, e ressaltou \u2013 \u201cfoi gratificante pra mim este primeiro passo de uma reuni\u00e3o de negocia\u00e7\u00e3o, fica aqui meus parab\u00e9ns aos Sindicatos filiados ou n\u00e3o, que participaram da 1\u00aa rodada de negocia\u00e7\u00e3o\u201d.<\/p>\n\n\n\n<p>Como as negocia\u00e7\u00f5es n\u00e3o avan\u00e7aram por conta da divulga\u00e7\u00e3o do INPC acumulado ocorrer somente no dia 10 de setembro, uma nova rodada j\u00e1 est\u00e1 sendo agendada para depois desta data.<\/p>\n\n\n\n<figure class=\"wp-block-gallery has-nested-images columns-default is-cropped wp-block-gallery-2 is-layout-flex wp-block-gallery-is-layout-flex\">\n<figure class=\"wp-block-image size-large\"><img loading=\"lazy\" decoding=\"async\" width=\"1600\" height=\"900\" data-id=\"12928\" src=\"https:\/\/www.fetiasp.com.br\/site\/wp-content\/uploads\/2025\/09\/3.jpg\" alt=\"\" class=\"wp-image-12928\" srcset=\"https:\/\/www.fetiasp.com.br\/site\/wp-content\/uploads\/2025\/09\/3.jpg 1600w, https:\/\/www.fetiasp.com.br\/site\/wp-content\/uploads\/2025\/09\/3-616x347.jpg 616w, https:\/\/www.fetiasp.com.br\/site\/wp-content\/uploads\/2025\/09\/3-150x84.jpg 150w, https:\/\/www.fetiasp.com.br\/site\/wp-content\/uploads\/2025\/09\/3-1536x864.jpg 1536w\" sizes=\"auto, (max-width: 1600px) 100vw, 1600px\" \/><\/figure>\n\n\n\n<figure class=\"wp-block-image size-large\"><img loading=\"lazy\" decoding=\"async\" width=\"1600\" height=\"900\" data-id=\"12927\" src=\"https:\/\/www.fetiasp.com.br\/site\/wp-content\/uploads\/2025\/09\/4.jpg\" alt=\"\" class=\"wp-image-12927\" srcset=\"https:\/\/www.fetiasp.com.br\/site\/wp-content\/uploads\/2025\/09\/4.jpg 1600w, https:\/\/www.fetiasp.com.br\/site\/wp-content\/uploads\/2025\/09\/4-616x347.jpg 616w, https:\/\/www.fetiasp.com.br\/site\/wp-content\/uploads\/2025\/09\/4-150x84.jpg 150w, https:\/\/www.fetiasp.com.br\/site\/wp-content\/uploads\/2025\/09\/4-1536x864.jpg 1536w\" sizes=\"auto, (max-width: 1600px) 100vw, 1600px\" \/><\/figure>\n<\/figure>\n","protected":false},"excerpt":{"rendered":"<p>O Presidente da FETIASP &#8211; Melquiades de Araujo participou essa semana (03\/09) na Sede do Sindicato dos trabalhadores das Ind\u00fastrias da Alimenta\u00e7\u00e3o de S\u00e3o Jos\u00e9 do Rio Preto, da 1\u00aa rodada de negocia\u00e7\u00f5es do setor de Panifica\u00e7\u00e3o cuja data-base ocorre [&hellip;]<\/p>\n","protected":false},"author":5,"featured_media":12924,"comment_status":"closed","ping_status":"closed","sticky":true,"template":"","format":"standard","meta":{"ngg_post_thumbnail":0,"footnotes":"","_links_to":"","_links_to_target":""},"categories":[6,3],"tags":[],"class_list":["post-12923","post","type-post","status-publish","format-standard","has-post-thumbnail","hentry","category-destaques","category-noticias"],"_links":{"self":[{"href":"https:\/\/www.fetiasp.com.br\/site\/index.php?rest_route=\/wp\/v2\/posts\/12923","targetHints":{"allow":["GET"]}}],"collection":[{"href":"https:\/\/www.fetiasp.com.br\/site\/index.php?rest_route=\/wp\/v2\/posts"}],"about":[{"href":"https:\/\/www.fetiasp.com.br\/site\/index.php?rest_route=\/wp\/v2\/types\/post"}],"author":[{"embeddable":true,"href":"https:\/\/www.fetiasp.com.br\/site\/index.php?rest_route=\/wp\/v2\/users\/5"}],"replies":[{"embeddable":true,"href":"https:\/\/www.fetiasp.com.br\/site\/index.php?rest_route=%2Fwp%2Fv2%2Fcomments&post=12923"}],"version-history":[{"count":1,"href":"https:\/\/www.fetiasp.com.br\/site\/index.php?rest_route=\/wp\/v2\/posts\/12923\/revisions"}],"predecessor-version":[{"id":12929,"href":"https:\/\/www.fetiasp.com.br\/site\/index.php?rest_route=\/wp\/v2\/posts\/12923\/revisions\/12929"}],"wp:featuredmedia":[{"embeddable":true,"href":"https:\/\/www.fetiasp.com.br\/site\/index.php?rest_route=\/wp\/v2\/media\/12924"}],"wp:attachment":[{"href":"https:\/\/www.fetiasp.com.br\/site\/index.php?rest_route=%2Fwp%2Fv2%2Fmedia&parent=12923"}],"wp:term":[{"taxonomy":"category","embeddable":true,"href":"https:\/\/www.fetiasp.com.br\/site\/index.php?rest_route=%2Fwp%2Fv2%2Fcategories&post=12923"},{"taxonomy":"post_tag","embeddable":true,"href":"https:\/\/www.fetiasp.com.br\/site\/index.php?rest_route=%2Fwp%2Fv2%2Ftags&post=12923"}],"curies":[{"name":"wp","href":"https:\/\/api.w.org\/{rel}","templated":true}]}}