{"id":13111,"date":"2025-08-25T17:14:00","date_gmt":"2025-08-25T17:14:00","guid":{"rendered":"https:\/\/www.fetiasp.com.br\/site\/?p=13111"},"modified":"2025-10-20T17:19:18","modified_gmt":"2025-10-20T17:19:18","slug":"posse-nova-diretoria-federacao-fetiasp-2025-29","status":"publish","type":"post","link":"https:\/\/www.fetiasp.com.br\/site\/?p=13111","title":{"rendered":"POSSE NOVA DIRETORIA FEDERA\u00c7\u00c3O FETIASP &#8211; 2025\/29"},"content":{"rendered":"\n<p>Melhores momentos da Cerim\u00f4nia de Posse da Nova Diretoria da Federa\u00e7\u00e3o da Alimenta\u00e7\u00e3o &#8211; FETIASP para o quadri\u00eanio 2025-2029. &#8220;De forma especial, gostaria de agradecer a mensagem e apoio do querido amigo Geraldo Alckmin&#8221; &#8211; Araujo Melquiades. NOVA DIRETORIA DA FETIASP:<\/p>\n\n\n\n<figure class=\"wp-block-embed is-type-video is-provider-youtube wp-block-embed-youtube wp-embed-aspect-16-9 wp-has-aspect-ratio\"><div class=\"wp-block-embed__wrapper\">\n<iframe loading=\"lazy\" title=\"POSSE NOVA DIRETORIA FEDERA\u00c7\u00c3O FETIASP - 2025\/29\" width=\"500\" height=\"281\" src=\"https:\/\/www.youtube.com\/embed\/ZyJEykFCKT8?feature=oembed\" frameborder=\"0\" allow=\"accelerometer; autoplay; clipboard-write; encrypted-media; gyroscope; picture-in-picture; web-share\" referrerpolicy=\"strict-origin-when-cross-origin\" allowfullscreen><\/iframe>\n<\/div><\/figure>\n\n\n\n<p>\u2611\ufe0f DIRETORIA EXECUTIVA<\/p>\n\n\n\n<p>\u25cf Melquiades de Araujo \u2013 Presidente<\/p>\n\n\n\n<p>\u25cf Marcos R. Silva Araujo \u2013 Vice-Presidente<\/p>\n\n\n\n<p>\u25cf Wilson Vidoto Manzon \u2013 Sec. Geral<\/p>\n\n\n\n<p>\u25cf Jos\u00e9 Luis Claudio \u2013 Sec. Adjunto<\/p>\n\n\n\n<p>\u25cf Jos\u00e9 Emilio Contessoto \u2013 Sec. Finan\u00e7as<\/p>\n\n\n\n<p>\u25cf Tiago Gon\u00e7alves Pereira \u2013 Sec. Educ. e Cult.<\/p>\n\n\n\n<p>\u25cf Jos\u00e9 Gon\u00e7alves da Silva \u2013 Sec. Rel. Sindicais<\/p>\n\n\n\n<p>\u25cf Luiz Carlos Ramos \u2013 Sec. As. Tec.\/Asses. Serv.<\/p>\n\n\n\n<p>\u25cf Fanio Luis Gomes \u2013 Sec. Divulg. e Imprensa<\/p>\n\n\n\n<p>\u25cf Artur Bueno de Camargo Jr. \u2013 Sec. Rel. Internacionais<\/p>\n\n\n\n<p>\u25cf Enilson Roberto da Silva \u2013 Sec. Pol. P\u00fab. Institucionais<\/p>\n\n\n\n<p>\u25cf Jo\u00e3o Roberto Stringhini \u2013 Diretor<\/p>\n\n\n\n<p>\u25cf Antonio Carlos de Oliveira \u2013 Diretor<\/p>\n\n\n\n<p>\u25cf Matheus Odair Vioto \u2013 Diretor<\/p>\n\n\n\n<p>\u25cf Vicente Aparecido Romero \u2013 Diretor<\/p>\n\n\n\n<p>\u25cf Jo\u00e3o de Deus de Lima \u2013 Diretor<\/p>\n\n\n\n<p>\u25cf Raimundo Vilas Boas Oliveira \u2013 Diretor<\/p>\n\n\n\n<p>\u25cf Marcelo dos Santos Oliveira \u2013 Diretor<\/p>\n\n\n\n<p>\u25cf Roberto dos Santos Oliveira \u2013 Diretor<\/p>\n\n\n\n<p>\u2611\ufe0f CONSELHO FISCAL<\/p>\n\n\n\n<p>\u25cf Jonas Gomes de Araujo<\/p>\n\n\n\n<p>\u25cf Luiz de Paula Pedroso<\/p>\n\n\n\n<p>\u25cf Orlando dos Santos<\/p>\n\n\n\n<p>\u25cf Nicanor Meira Dias<\/p>\n\n\n\n<p>\u25cf Dijair Martins Pereira<\/p>\n\n\n\n<p>\u2611\ufe0f DELEGADOS REPRESENTANTES JUNTO \u00c0 CONFEDERA\u00c7\u00c3O<\/p>\n\n\n\n<p>\u25cf Melquiades de Araujo<\/p>\n\n\n\n<p>\u25cf Marcos R. Silva Araujo<\/p>\n\n\n\n<p>\u2611\ufe0f CONSELHO DE COMISS\u00c3O DE \u00c9TICA<\/p>\n\n\n\n<p>\u25cf Claudines Biuna de Oliveira<\/p>\n\n\n\n<p>\u25cf Jos\u00e9 da Silva<\/p>\n\n\n\n<p>\u25cf Edilson Severino de Carvalho<\/p>\n\n\n\n<p>\u25cf Edvaldo Santos Silva<\/p>\n\n\n\n<p>\u25cf Carlos Miranda<\/p>\n\n\n\n<p>V\u00eddeo\/Fotos:<\/p>\n\n\n\n<p>Speak M\u00eddia Produ\u00e7\u00e3o<\/p>\n\n\n\n<p> <a href=\"https:\/\/www.youtube.com\/channel\/UCvA8CuZezdXpsXXtZnV9_lQ\">\u00a0\u00a0\u00a0\/\u00a0@speakmidiaprodutora\u00a0\u00a0<\/a><\/p>\n","protected":false},"excerpt":{"rendered":"<p>Melhores momentos da Cerim\u00f4nia de Posse da Nova Diretoria da Federa\u00e7\u00e3o da Alimenta\u00e7\u00e3o &#8211; FETIASP para o quadri\u00eanio 2025-2029. &#8220;De forma especial, gostaria de agradecer a mensagem e apoio do querido amigo Geraldo Alckmin&#8221; &#8211; Araujo Melquiades. NOVA DIRETORIA DA [&hellip;]<\/p>\n","protected":false},"author":5,"featured_media":13112,"comment_status":"closed","ping_status":"closed","sticky":false,"template":"","format":"standard","meta":{"ngg_post_thumbnail":0,"footnotes":"","_links_to":"","_links_to_target":""},"categories":[3,26],"tags":[],"class_list":["post-13111","post","type-post","status-publish","format-standard","has-post-thumbnail","hentry","category-noticias","category-videos"],"_links":{"self":[{"href":"https:\/\/www.fetiasp.com.br\/site\/index.php?rest_route=\/wp\/v2\/posts\/13111","targetHints":{"allow":["GET"]}}],"collection":[{"href":"https:\/\/www.fetiasp.com.br\/site\/index.php?rest_route=\/wp\/v2\/posts"}],"about":[{"href":"https:\/\/www.fetiasp.com.br\/site\/index.php?rest_route=\/wp\/v2\/types\/post"}],"author":[{"embeddable":true,"href":"https:\/\/www.fetiasp.com.br\/site\/index.php?rest_route=\/wp\/v2\/users\/5"}],"replies":[{"embeddable":true,"href":"https:\/\/www.fetiasp.com.br\/site\/index.php?rest_route=%2Fwp%2Fv2%2Fcomments&post=13111"}],"version-history":[{"count":1,"href":"https:\/\/www.fetiasp.com.br\/site\/index.php?rest_route=\/wp\/v2\/posts\/13111\/revisions"}],"predecessor-version":[{"id":13113,"href":"https:\/\/www.fetiasp.com.br\/site\/index.php?rest_route=\/wp\/v2\/posts\/13111\/revisions\/13113"}],"wp:featuredmedia":[{"embeddable":true,"href":"https:\/\/www.fetiasp.com.br\/site\/index.php?rest_route=\/wp\/v2\/media\/13112"}],"wp:attachment":[{"href":"https:\/\/www.fetiasp.com.br\/site\/index.php?rest_route=%2Fwp%2Fv2%2Fmedia&parent=13111"}],"wp:term":[{"taxonomy":"category","embeddable":true,"href":"https:\/\/www.fetiasp.com.br\/site\/index.php?rest_route=%2Fwp%2Fv2%2Fcategories&post=13111"},{"taxonomy":"post_tag","embeddable":true,"href":"https:\/\/www.fetiasp.com.br\/site\/index.php?rest_route=%2Fwp%2Fv2%2Ftags&post=13111"}],"curies":[{"name":"wp","href":"https:\/\/api.w.org\/{rel}","templated":true}]}}