{"id":13180,"date":"2025-11-10T15:33:00","date_gmt":"2025-11-10T15:33:00","guid":{"rendered":"https:\/\/www.fetiasp.com.br\/site\/?p=13180"},"modified":"2025-11-17T20:57:15","modified_gmt":"2025-11-17T20:57:15","slug":"reuniao-da-diretoria-executiva-da-fetiasp","status":"publish","type":"post","link":"https:\/\/www.fetiasp.com.br\/site\/?p=13180","title":{"rendered":"Reuni\u00e3o da Diretoria Executiva da FETIASP"},"content":{"rendered":"\n<p>Na tarde desta segunda-feira (10\/11) aconteceu na sede do Sindicato da Alimenta\u00e7\u00e3o de Campinas &#8211; SITAC, uma reuni\u00e3o envolvendo a Diretoria Executiva da Federa\u00e7\u00e3o da Alimenta\u00e7\u00e3o &#8211; FETIASP.<\/p>\n\n\n\n<figure class=\"wp-block-gallery has-nested-images columns-default is-cropped wp-block-gallery-1 is-layout-flex wp-block-gallery-is-layout-flex\">\n<figure class=\"wp-block-image size-medium\"><a href=\"https:\/\/www.fetiasp.com.br\/site\/wp-content\/uploads\/2025\/11\/DSC_5605.jpg\" target=\"_blank\" rel=\"noopener\"><img loading=\"lazy\" decoding=\"async\" width=\"616\" height=\"412\" data-id=\"13183\" src=\"https:\/\/www.fetiasp.com.br\/site\/wp-content\/uploads\/2025\/11\/DSC_5605-616x412.jpg\" alt=\"\" class=\"wp-image-13183\" srcset=\"https:\/\/www.fetiasp.com.br\/site\/wp-content\/uploads\/2025\/11\/DSC_5605-616x412.jpg 616w, https:\/\/www.fetiasp.com.br\/site\/wp-content\/uploads\/2025\/11\/DSC_5605-150x100.jpg 150w, https:\/\/www.fetiasp.com.br\/site\/wp-content\/uploads\/2025\/11\/DSC_5605-1536x1027.jpg 1536w, https:\/\/www.fetiasp.com.br\/site\/wp-content\/uploads\/2025\/11\/DSC_5605.jpg 1994w\" sizes=\"auto, (max-width: 616px) 100vw, 616px\" \/><\/a><\/figure>\n\n\n\n<figure class=\"wp-block-image size-medium\"><a href=\"https:\/\/www.fetiasp.com.br\/site\/wp-content\/uploads\/2025\/11\/DSC_5601.jpg\" target=\"_blank\" rel=\"noopener\"><img loading=\"lazy\" decoding=\"async\" width=\"616\" height=\"412\" data-id=\"13182\" src=\"https:\/\/www.fetiasp.com.br\/site\/wp-content\/uploads\/2025\/11\/DSC_5601-616x412.jpg\" alt=\"\" class=\"wp-image-13182\" srcset=\"https:\/\/www.fetiasp.com.br\/site\/wp-content\/uploads\/2025\/11\/DSC_5601-616x412.jpg 616w, https:\/\/www.fetiasp.com.br\/site\/wp-content\/uploads\/2025\/11\/DSC_5601-150x100.jpg 150w, https:\/\/www.fetiasp.com.br\/site\/wp-content\/uploads\/2025\/11\/DSC_5601-1536x1027.jpg 1536w, https:\/\/www.fetiasp.com.br\/site\/wp-content\/uploads\/2025\/11\/DSC_5601.jpg 1994w\" sizes=\"auto, (max-width: 616px) 100vw, 616px\" \/><\/a><\/figure>\n\n\n\n<figure class=\"wp-block-image size-medium\"><a href=\"https:\/\/www.fetiasp.com.br\/site\/wp-content\/uploads\/2025\/11\/DSC_5614.jpg\" target=\"_blank\" rel=\"noopener\"><img loading=\"lazy\" decoding=\"async\" width=\"616\" height=\"412\" data-id=\"13181\" src=\"https:\/\/www.fetiasp.com.br\/site\/wp-content\/uploads\/2025\/11\/DSC_5614-616x412.jpg\" alt=\"\" class=\"wp-image-13181\" srcset=\"https:\/\/www.fetiasp.com.br\/site\/wp-content\/uploads\/2025\/11\/DSC_5614-616x412.jpg 616w, https:\/\/www.fetiasp.com.br\/site\/wp-content\/uploads\/2025\/11\/DSC_5614-150x100.jpg 150w, https:\/\/www.fetiasp.com.br\/site\/wp-content\/uploads\/2025\/11\/DSC_5614-1536x1027.jpg 1536w, https:\/\/www.fetiasp.com.br\/site\/wp-content\/uploads\/2025\/11\/DSC_5614.jpg 1994w\" sizes=\"auto, (max-width: 616px) 100vw, 616px\" \/><\/a><\/figure>\n<\/figure>\n\n\n\n<p>Durante a reuni\u00e3o, foi abordado pautas como:<\/p>\n\n\n\n<p>\u2022 Avalia\u00e7\u00e3o dos trabalhos sindicais regionais realizados com a coordena\u00e7\u00e3o da Federa\u00e7\u00e3o da Alimenta\u00e7\u00e3o;<\/p>\n\n\n\n<p>\u2022 Balan\u00e7o das negocia\u00e7\u00f5es do segundo semestre;<\/p>\n\n\n\n<p>\u2022 Entre outros assuntos.<\/p>\n\n\n\n<figure class=\"wp-block-gallery has-nested-images columns-default is-cropped wp-block-gallery-2 is-layout-flex wp-block-gallery-is-layout-flex\">\n<figure class=\"wp-block-image size-medium\"><a href=\"https:\/\/www.fetiasp.com.br\/site\/wp-content\/uploads\/2025\/11\/DSC_5613.jpg\" target=\"_blank\" rel=\"noopener\"><img loading=\"lazy\" decoding=\"async\" width=\"616\" height=\"412\" data-id=\"13185\" src=\"https:\/\/www.fetiasp.com.br\/site\/wp-content\/uploads\/2025\/11\/DSC_5613-616x412.jpg\" alt=\"\" class=\"wp-image-13185\" srcset=\"https:\/\/www.fetiasp.com.br\/site\/wp-content\/uploads\/2025\/11\/DSC_5613-616x412.jpg 616w, https:\/\/www.fetiasp.com.br\/site\/wp-content\/uploads\/2025\/11\/DSC_5613-150x100.jpg 150w, https:\/\/www.fetiasp.com.br\/site\/wp-content\/uploads\/2025\/11\/DSC_5613-1536x1027.jpg 1536w, https:\/\/www.fetiasp.com.br\/site\/wp-content\/uploads\/2025\/11\/DSC_5613.jpg 1994w\" sizes=\"auto, (max-width: 616px) 100vw, 616px\" \/><\/a><\/figure>\n\n\n\n<figure class=\"wp-block-image size-medium\"><a href=\"https:\/\/www.fetiasp.com.br\/site\/wp-content\/uploads\/2025\/11\/DSC_5611.jpg\" target=\"_blank\" rel=\"noopener\"><img loading=\"lazy\" decoding=\"async\" width=\"616\" height=\"412\" data-id=\"13184\" src=\"https:\/\/www.fetiasp.com.br\/site\/wp-content\/uploads\/2025\/11\/DSC_5611-616x412.jpg\" alt=\"\" class=\"wp-image-13184\" srcset=\"https:\/\/www.fetiasp.com.br\/site\/wp-content\/uploads\/2025\/11\/DSC_5611-616x412.jpg 616w, https:\/\/www.fetiasp.com.br\/site\/wp-content\/uploads\/2025\/11\/DSC_5611-150x100.jpg 150w, https:\/\/www.fetiasp.com.br\/site\/wp-content\/uploads\/2025\/11\/DSC_5611-1536x1027.jpg 1536w, https:\/\/www.fetiasp.com.br\/site\/wp-content\/uploads\/2025\/11\/DSC_5611.jpg 1994w\" sizes=\"auto, (max-width: 616px) 100vw, 616px\" \/><\/a><\/figure>\n\n\n\n<figure class=\"wp-block-image size-medium\"><a href=\"https:\/\/www.fetiasp.com.br\/site\/wp-content\/uploads\/2025\/11\/DSC_5609.jpg\" target=\"_blank\" rel=\"noopener\"><img loading=\"lazy\" decoding=\"async\" width=\"616\" height=\"412\" data-id=\"13186\" src=\"https:\/\/www.fetiasp.com.br\/site\/wp-content\/uploads\/2025\/11\/DSC_5609-616x412.jpg\" alt=\"\" class=\"wp-image-13186\" srcset=\"https:\/\/www.fetiasp.com.br\/site\/wp-content\/uploads\/2025\/11\/DSC_5609-616x412.jpg 616w, https:\/\/www.fetiasp.com.br\/site\/wp-content\/uploads\/2025\/11\/DSC_5609-150x100.jpg 150w, https:\/\/www.fetiasp.com.br\/site\/wp-content\/uploads\/2025\/11\/DSC_5609-1536x1027.jpg 1536w, https:\/\/www.fetiasp.com.br\/site\/wp-content\/uploads\/2025\/11\/DSC_5609.jpg 1994w\" sizes=\"auto, (max-width: 616px) 100vw, 616px\" \/><\/a><\/figure>\n<\/figure>\n\n\n\n<p class=\"has-text-align-center\"><strong><em>\u2022 Mat\u00e9ria\/Video: Speak M\u00eddia Comunica\u00e7\u00e3o!<\/em><\/strong><\/p>\n\n\n\n<figure class=\"wp-block-image\"><img decoding=\"async\" src=\"https:\/\/www.fetiasp.com.br\/site\/wp-content\/uploads\/2025\/11\/DSC_5609-616x412.jpg\" alt=\"O atributo alt desta imagem est\u00e1 vazio. O nome do arquivo \u00e9 DSC_5609-616x412.jpg\"\/><\/figure>\n","protected":false},"excerpt":{"rendered":"<p>Na tarde desta segunda-feira (10\/11) aconteceu na sede do Sindicato da Alimenta\u00e7\u00e3o de Campinas &#8211; SITAC, uma reuni\u00e3o envolvendo a Diretoria Executiva da Federa\u00e7\u00e3o da Alimenta\u00e7\u00e3o &#8211; FETIASP. Durante a reuni\u00e3o, foi abordado pautas como: \u2022 Avalia\u00e7\u00e3o dos trabalhos sindicais [&hellip;]<\/p>\n","protected":false},"author":5,"featured_media":13184,"comment_status":"closed","ping_status":"closed","sticky":true,"template":"","format":"standard","meta":{"ngg_post_thumbnail":0,"footnotes":"","_links_to":"","_links_to_target":""},"categories":[6,3],"tags":[],"class_list":["post-13180","post","type-post","status-publish","format-standard","has-post-thumbnail","hentry","category-destaques","category-noticias"],"_links":{"self":[{"href":"https:\/\/www.fetiasp.com.br\/site\/index.php?rest_route=\/wp\/v2\/posts\/13180","targetHints":{"allow":["GET"]}}],"collection":[{"href":"https:\/\/www.fetiasp.com.br\/site\/index.php?rest_route=\/wp\/v2\/posts"}],"about":[{"href":"https:\/\/www.fetiasp.com.br\/site\/index.php?rest_route=\/wp\/v2\/types\/post"}],"author":[{"embeddable":true,"href":"https:\/\/www.fetiasp.com.br\/site\/index.php?rest_route=\/wp\/v2\/users\/5"}],"replies":[{"embeddable":true,"href":"https:\/\/www.fetiasp.com.br\/site\/index.php?rest_route=%2Fwp%2Fv2%2Fcomments&post=13180"}],"version-history":[{"count":2,"href":"https:\/\/www.fetiasp.com.br\/site\/index.php?rest_route=\/wp\/v2\/posts\/13180\/revisions"}],"predecessor-version":[{"id":13203,"href":"https:\/\/www.fetiasp.com.br\/site\/index.php?rest_route=\/wp\/v2\/posts\/13180\/revisions\/13203"}],"wp:featuredmedia":[{"embeddable":true,"href":"https:\/\/www.fetiasp.com.br\/site\/index.php?rest_route=\/wp\/v2\/media\/13184"}],"wp:attachment":[{"href":"https:\/\/www.fetiasp.com.br\/site\/index.php?rest_route=%2Fwp%2Fv2%2Fmedia&parent=13180"}],"wp:term":[{"taxonomy":"category","embeddable":true,"href":"https:\/\/www.fetiasp.com.br\/site\/index.php?rest_route=%2Fwp%2Fv2%2Fcategories&post=13180"},{"taxonomy":"post_tag","embeddable":true,"href":"https:\/\/www.fetiasp.com.br\/site\/index.php?rest_route=%2Fwp%2Fv2%2Ftags&post=13180"}],"curies":[{"name":"wp","href":"https:\/\/api.w.org\/{rel}","templated":true}]}}