{"id":13548,"date":"2026-03-10T18:39:00","date_gmt":"2026-03-10T18:39:00","guid":{"rendered":"https:\/\/www.fetiasp.com.br\/site\/?p=13548"},"modified":"2026-03-13T19:40:41","modified_gmt":"2026-03-13T19:40:41","slug":"13548","status":"publish","type":"post","link":"https:\/\/www.fetiasp.com.br\/site\/?p=13548","title":{"rendered":"FETIASP marca presen\u00e7a em debate sobre o fim da escala 6\u00d71 no Paran\u00e1."},"content":{"rendered":"\n<h2 class=\"wp-block-heading has-text-align-center has-vivid-red-color has-text-color\">Debate sobre o fim da escala 6\u00d71 mobiliza trabalhadores e especialistas no Paran\u00e1.<\/h2>\n\n\n\n<p>A Federa\u00e7\u00e3o dos Trabalhadores nas Ind\u00fastrias da Alimenta\u00e7\u00e3o do Estado de S\u00e3o Paulo &#8211; FETIASP, criada em 1944, sendo, portanto, dona de uma boa parte da hist\u00f3ria brasileira em defesa da classe trabalhadora e do movimento Sindical, esteve presente na Assembleia Legislativa do Paran\u00e1, que foi palco de um grande debate sobre a jornada de trabalho no Brasil.<\/p>\n\n\n\n<figure class=\"wp-block-image size-full\"><img loading=\"lazy\" decoding=\"async\" width=\"800\" height=\"536\" src=\"https:\/\/www.fetiasp.com.br\/site\/wp-content\/uploads\/2026\/03\/04-ASSEMBLEIA-PARANA-FIM-6X1.jpg\" alt=\"\" class=\"wp-image-13551\" srcset=\"https:\/\/www.fetiasp.com.br\/site\/wp-content\/uploads\/2026\/03\/04-ASSEMBLEIA-PARANA-FIM-6X1.jpg 800w, https:\/\/www.fetiasp.com.br\/site\/wp-content\/uploads\/2026\/03\/04-ASSEMBLEIA-PARANA-FIM-6X1-616x413.jpg 616w, https:\/\/www.fetiasp.com.br\/site\/wp-content\/uploads\/2026\/03\/04-ASSEMBLEIA-PARANA-FIM-6X1-150x101.jpg 150w\" sizes=\"auto, (max-width: 800px) 100vw, 800px\" \/><\/figure>\n\n\n\n<p>Lideran\u00e7as sindicais, representantes de movimentos sociais, estudantes, especialistas e parlamentares participaram de uma Audi\u00eancia P\u00fablica que discutiu o fim da escala 6\u00d71 e a proposta de redu\u00e7\u00e3o da jornada sem diminui\u00e7\u00e3o de sal\u00e1rios.<\/p>\n\n\n\n<figure class=\"wp-block-image size-full\"><img loading=\"lazy\" decoding=\"async\" width=\"1600\" height=\"1202\" src=\"https:\/\/www.fetiasp.com.br\/site\/wp-content\/uploads\/2026\/03\/01-ASSEMBLEIA-PARANA-FIM-6X1.jpg\" alt=\"\" class=\"wp-image-13552\" srcset=\"https:\/\/www.fetiasp.com.br\/site\/wp-content\/uploads\/2026\/03\/01-ASSEMBLEIA-PARANA-FIM-6X1.jpg 1600w, https:\/\/www.fetiasp.com.br\/site\/wp-content\/uploads\/2026\/03\/01-ASSEMBLEIA-PARANA-FIM-6X1-616x463.jpg 616w, https:\/\/www.fetiasp.com.br\/site\/wp-content\/uploads\/2026\/03\/01-ASSEMBLEIA-PARANA-FIM-6X1-150x113.jpg 150w, https:\/\/www.fetiasp.com.br\/site\/wp-content\/uploads\/2026\/03\/01-ASSEMBLEIA-PARANA-FIM-6X1-1536x1154.jpg 1536w, https:\/\/www.fetiasp.com.br\/site\/wp-content\/uploads\/2026\/03\/01-ASSEMBLEIA-PARANA-FIM-6X1-53x41.jpg 53w\" sizes=\"auto, (max-width: 1600px) 100vw, 1600px\" \/><\/figure>\n\n\n\n<div class=\"wp-block-columns is-layout-flex wp-container-core-columns-is-layout-9d6595d7 wp-block-columns-is-layout-flex\">\n<div class=\"wp-block-column is-layout-flow wp-block-column-is-layout-flow\">\n<p><strong>Os Sindicatos filiados \u00e0 Federa\u00e7\u00e3o &#8211; Stia Limeira, atrav\u00e9s de seu Presidente &#8211; Artur Bueno de Camargo Jr. e Stia Rio Preto, atrav\u00e9s de seu Presidente Tiago Gon\u00e7alves Pereira, estiveram presentes representando a FETIASP.<\/strong><\/p>\n\n\n\n<p>O encontro foi promovido pela Bancada de Oposi\u00e7\u00e3o da ALEP, formada por deputados do Partido dos Trabalhadores (PT) e do Partido Democr\u00e1tico Trabalhista (PDT), e aconteceu na ter\u00e7a-feira (10). Cerca de 600 pessoas ocuparam o plen\u00e1rio da Casa, enquanto milhares acompanharam a atividade por meio das transmiss\u00f5es nos canais oficiais, redes sociais e pelo YouTube.<\/p>\n\n\n\n<p>Durante a audi\u00eancia, participantes discutiram os impactos da atual jornada semanal de 44 horas, distribu\u00edda em seis dias consecutivos de trabalho com apenas um dia de descanso. O modelo foi apontado como prejudicial \u00e0 qualidade de vida dos trabalhadores, afetando o conv\u00edvio familiar, o lazer e a sa\u00fade f\u00edsica e mental.<\/p>\n<\/div>\n<\/div>\n\n\n\n<figure class=\"wp-block-image size-full\"><img loading=\"lazy\" decoding=\"async\" width=\"1600\" height=\"1200\" src=\"https:\/\/www.fetiasp.com.br\/site\/wp-content\/uploads\/2026\/03\/03-ASSEMBLEIA-PARANA-FIM-6X1.jpg\" alt=\"\" class=\"wp-image-13553\" srcset=\"https:\/\/www.fetiasp.com.br\/site\/wp-content\/uploads\/2026\/03\/03-ASSEMBLEIA-PARANA-FIM-6X1.jpg 1600w, https:\/\/www.fetiasp.com.br\/site\/wp-content\/uploads\/2026\/03\/03-ASSEMBLEIA-PARANA-FIM-6X1-616x462.jpg 616w, https:\/\/www.fetiasp.com.br\/site\/wp-content\/uploads\/2026\/03\/03-ASSEMBLEIA-PARANA-FIM-6X1-150x113.jpg 150w, https:\/\/www.fetiasp.com.br\/site\/wp-content\/uploads\/2026\/03\/03-ASSEMBLEIA-PARANA-FIM-6X1-1536x1152.jpg 1536w, https:\/\/www.fetiasp.com.br\/site\/wp-content\/uploads\/2026\/03\/03-ASSEMBLEIA-PARANA-FIM-6X1-53x41.jpg 53w\" sizes=\"auto, (max-width: 1600px) 100vw, 1600px\" \/><\/figure>\n\n\n\n<p>Al\u00e9m das cr\u00edticas ao formato atual, o debate tamb\u00e9m trouxe exemplos de experi\u00eancias internacionais que v\u00eam adotando novas formas de organiza\u00e7\u00e3o do tempo de trabalho, fortalecendo a discuss\u00e3o sobre alternativas que garantam mais equil\u00edbrio entre trabalho, descanso e qualidade de vida.<\/p>\n\n\n\n<figure class=\"wp-block-image size-full\"><img loading=\"lazy\" decoding=\"async\" width=\"1384\" height=\"1137\" src=\"https:\/\/www.fetiasp.com.br\/site\/wp-content\/uploads\/2026\/03\/BOLETIM-DEBATE-SOBRE-O-FIM-DA-ESCALA-6X1.png\" alt=\"\" class=\"wp-image-13554\" srcset=\"https:\/\/www.fetiasp.com.br\/site\/wp-content\/uploads\/2026\/03\/BOLETIM-DEBATE-SOBRE-O-FIM-DA-ESCALA-6X1.png 1384w, https:\/\/www.fetiasp.com.br\/site\/wp-content\/uploads\/2026\/03\/BOLETIM-DEBATE-SOBRE-O-FIM-DA-ESCALA-6X1-616x506.png 616w, https:\/\/www.fetiasp.com.br\/site\/wp-content\/uploads\/2026\/03\/BOLETIM-DEBATE-SOBRE-O-FIM-DA-ESCALA-6X1-150x123.png 150w, https:\/\/www.fetiasp.com.br\/site\/wp-content\/uploads\/2026\/03\/BOLETIM-DEBATE-SOBRE-O-FIM-DA-ESCALA-6X1-85x69.png 85w, https:\/\/www.fetiasp.com.br\/site\/wp-content\/uploads\/2026\/03\/BOLETIM-DEBATE-SOBRE-O-FIM-DA-ESCALA-6X1-115x94.png 115w\" sizes=\"auto, (max-width: 1384px) 100vw, 1384px\" \/><\/figure>\n\n\n\n<p class=\"has-text-align-center has-vivid-red-color has-text-color\"><strong><em>Confira a Audi\u00eancia P\u00fablica: Pelo Fim da Jornada 6&#215;1 realizada no dia 10 de Mar\u00e7o de 2026<\/em><\/strong>:<\/p>\n\n\n\n<figure class=\"wp-block-embed aligncenter is-type-video is-provider-youtube wp-block-embed-youtube wp-embed-aspect-16-9 wp-has-aspect-ratio\"><div class=\"wp-block-embed__wrapper\">\n<iframe loading=\"lazy\" title=\"AO VIVO \u2013 10\/03 | Audi\u00eancia P\u00fablica: Pelo Fim da Jornada 6x1\" width=\"500\" height=\"281\" src=\"https:\/\/www.youtube.com\/embed\/mtJA_ZSG4S0?feature=oembed\" frameborder=\"0\" allow=\"accelerometer; autoplay; clipboard-write; encrypted-media; gyroscope; picture-in-picture; web-share\" referrerpolicy=\"strict-origin-when-cross-origin\" allowfullscreen><\/iframe>\n<\/div><\/figure>\n\n\n\n<p class=\"has-text-align-center\"><strong><em>Mat\u00e9ria: Speak M\u00eddia Comunica\u00e7\u00e3o<\/em><\/strong><\/p>\n","protected":false},"excerpt":{"rendered":"<p>Debate sobre o fim da escala 6\u00d71 mobiliza trabalhadores e especialistas no Paran\u00e1. A Federa\u00e7\u00e3o dos Trabalhadores nas Ind\u00fastrias da Alimenta\u00e7\u00e3o do Estado de S\u00e3o Paulo &#8211; FETIASP, criada em 1944, sendo, portanto, dona de uma boa parte da hist\u00f3ria [&hellip;]<\/p>\n","protected":false},"author":5,"featured_media":13552,"comment_status":"closed","ping_status":"closed","sticky":true,"template":"","format":"standard","meta":{"ngg_post_thumbnail":0,"footnotes":"","_links_to":"","_links_to_target":""},"categories":[6,3],"tags":[],"class_list":["post-13548","post","type-post","status-publish","format-standard","has-post-thumbnail","hentry","category-destaques","category-noticias"],"_links":{"self":[{"href":"https:\/\/www.fetiasp.com.br\/site\/index.php?rest_route=\/wp\/v2\/posts\/13548","targetHints":{"allow":["GET"]}}],"collection":[{"href":"https:\/\/www.fetiasp.com.br\/site\/index.php?rest_route=\/wp\/v2\/posts"}],"about":[{"href":"https:\/\/www.fetiasp.com.br\/site\/index.php?rest_route=\/wp\/v2\/types\/post"}],"author":[{"embeddable":true,"href":"https:\/\/www.fetiasp.com.br\/site\/index.php?rest_route=\/wp\/v2\/users\/5"}],"replies":[{"embeddable":true,"href":"https:\/\/www.fetiasp.com.br\/site\/index.php?rest_route=%2Fwp%2Fv2%2Fcomments&post=13548"}],"version-history":[{"count":3,"href":"https:\/\/www.fetiasp.com.br\/site\/index.php?rest_route=\/wp\/v2\/posts\/13548\/revisions"}],"predecessor-version":[{"id":13557,"href":"https:\/\/www.fetiasp.com.br\/site\/index.php?rest_route=\/wp\/v2\/posts\/13548\/revisions\/13557"}],"wp:featuredmedia":[{"embeddable":true,"href":"https:\/\/www.fetiasp.com.br\/site\/index.php?rest_route=\/wp\/v2\/media\/13552"}],"wp:attachment":[{"href":"https:\/\/www.fetiasp.com.br\/site\/index.php?rest_route=%2Fwp%2Fv2%2Fmedia&parent=13548"}],"wp:term":[{"taxonomy":"category","embeddable":true,"href":"https:\/\/www.fetiasp.com.br\/site\/index.php?rest_route=%2Fwp%2Fv2%2Fcategories&post=13548"},{"taxonomy":"post_tag","embeddable":true,"href":"https:\/\/www.fetiasp.com.br\/site\/index.php?rest_route=%2Fwp%2Fv2%2Ftags&post=13548"}],"curies":[{"name":"wp","href":"https:\/\/api.w.org\/{rel}","templated":true}]}}