{"id":1481,"date":"2013-08-05T13:09:28","date_gmt":"2013-08-05T13:09:28","guid":{"rendered":"http:\/\/www.fetiasp.com.br\/site\/?p=1481"},"modified":"2014-06-27T14:04:34","modified_gmt":"2014-06-27T14:04:34","slug":"1481","status":"publish","type":"post","link":"https:\/\/www.fetiasp.com.br\/site\/?p=1481","title":{"rendered":"Melqu\u00edades de Ara\u00fajo"},"content":{"rendered":"<p style=\"text-align: center;\"><strong><a href=\"https:\/\/www.fetiasp.com.br\/site\/?attachment_id=3090\" rel=\"attachment wp-att-3090\"><img loading=\"lazy\" decoding=\"async\" class=\"size-medium wp-image-3090\" alt=\"Fetiasp\" src=\"https:\/\/www.fetiasp.com.br\/site\/wp-content\/uploads\/2013\/08\/Fetiasp-210x300.jpg\" width=\"210\" height=\"300\" srcset=\"https:\/\/www.fetiasp.com.br\/site\/wp-content\/uploads\/2013\/08\/Fetiasp-210x300.jpg 210w, https:\/\/www.fetiasp.com.br\/site\/wp-content\/uploads\/2013\/08\/Fetiasp-105x150.jpg 105w, https:\/\/www.fetiasp.com.br\/site\/wp-content\/uploads\/2013\/08\/Fetiasp.jpg 505w\" sizes=\"auto, (max-width: 210px) 100vw, 210px\" \/><\/a><\/strong><\/p>\n<div id=\"Vereadores\">\n<div id=\"VereadoresNeP\">\n<p><b><span style=\"text-decoration: underline;\"><a href=\"https:\/\/www.fetiasp.com.br\/site\/?attachment_id=2299\" rel=\"attachment wp-att-2299\"><img loading=\"lazy\" decoding=\"async\" class=\"alignleft size-full wp-image-2299\" alt=\"Presidente fetiasp\" src=\"https:\/\/www.fetiasp.com.br\/site\/wp-content\/uploads\/2013\/10\/Presidente-fetiasp.png\" width=\"220\" height=\"290\" srcset=\"https:\/\/www.fetiasp.com.br\/site\/wp-content\/uploads\/2013\/10\/Presidente-fetiasp.png 220w, https:\/\/www.fetiasp.com.br\/site\/wp-content\/uploads\/2013\/10\/Presidente-fetiasp-113x150.png 113w\" sizes=\"auto, (max-width: 220px) 100vw, 220px\" \/><\/a>Perfil<\/span><\/b><\/p>\n<p>Presidente da Federa\u00e7\u00e3o dos trabalhadores nas Ind\u00fastrias de Alimenta\u00e7\u00e3o do Estado de S\u00e3o Paulo &#8211; FETIASP; vice-presidente da For\u00e7a Sindical Nacional; vice-presidente da Confedera\u00e7\u00e3o Nacional dos Trabalhadores da Alimenta\u00e7\u00e3o; e presidente do Sind. cerveja, ref., torref. e moagem de caf\u00e9, caf\u00e9 sol\u00favel, de latic\u00ednios e prod. derivados de massas aliment\u00edcias e biscoitos de doces e conservas de farin\u00e1ceos e \u00f3leos alim. de ra\u00e7\u00f5es, de carnes e deriv., abatedouros, panif. e conf. e da alimenta\u00e7\u00e3o de Campinas.<\/p>\n<p><span style=\"text-decoration: underline;\"><strong>Informa\u00e7\u00f5es<\/strong><\/span><br \/>\n<strong>Nome:<\/strong> Melqu\u00edades de Ara\u00fajo<br \/>\n<strong>Entidade:<\/strong> FETIASP<\/p>\n<p><span style=\"text-decoration: underline;\"><strong>Contatos<\/strong><\/span><br \/>\n<strong>Telefone:<\/strong> (11)\u00a03273-7300<br \/>\n<strong>E-mail:<\/strong> fetiasp@fetiasp.com.br<br \/>\n<strong>Site:<\/strong> www.fetiasp.com.br<br \/>\n<strong>Correspond\u00eancia:<\/strong> Rua Conselheiro Furtado, 987\/Liberdade &#8211; CEP: 01511-000<\/p>\n<\/div>\n<\/div>\n","protected":false},"excerpt":{"rendered":"<p>Perfil Presidente da Federa\u00e7\u00e3o dos trabalhadores nas Ind\u00fastrias de Alimenta\u00e7\u00e3o do Estado de S\u00e3o Paulo &#8211; FETIASP; vice-presidente da For\u00e7a Sindical Nacional; vice-presidente da Confedera\u00e7\u00e3o Nacional dos Trabalhadores da Alimenta\u00e7\u00e3o; e presidente do Sind. cerveja, ref., torref. e moagem de [&hellip;]<\/p>\n","protected":false},"author":1,"featured_media":0,"comment_status":"open","ping_status":"open","sticky":false,"template":"","format":"standard","meta":{"ngg_post_thumbnail":0,"footnotes":"","_links_to":"","_links_to_target":""},"categories":[1],"tags":[],"class_list":["post-1481","post","type-post","status-publish","format-standard","hentry","category-sem-categoria"],"_links":{"self":[{"href":"https:\/\/www.fetiasp.com.br\/site\/index.php?rest_route=\/wp\/v2\/posts\/1481","targetHints":{"allow":["GET"]}}],"collection":[{"href":"https:\/\/www.fetiasp.com.br\/site\/index.php?rest_route=\/wp\/v2\/posts"}],"about":[{"href":"https:\/\/www.fetiasp.com.br\/site\/index.php?rest_route=\/wp\/v2\/types\/post"}],"author":[{"embeddable":true,"href":"https:\/\/www.fetiasp.com.br\/site\/index.php?rest_route=\/wp\/v2\/users\/1"}],"replies":[{"embeddable":true,"href":"https:\/\/www.fetiasp.com.br\/site\/index.php?rest_route=%2Fwp%2Fv2%2Fcomments&post=1481"}],"version-history":[{"count":16,"href":"https:\/\/www.fetiasp.com.br\/site\/index.php?rest_route=\/wp\/v2\/posts\/1481\/revisions"}],"predecessor-version":[{"id":3092,"href":"https:\/\/www.fetiasp.com.br\/site\/index.php?rest_route=\/wp\/v2\/posts\/1481\/revisions\/3092"}],"wp:attachment":[{"href":"https:\/\/www.fetiasp.com.br\/site\/index.php?rest_route=%2Fwp%2Fv2%2Fmedia&parent=1481"}],"wp:term":[{"taxonomy":"category","embeddable":true,"href":"https:\/\/www.fetiasp.com.br\/site\/index.php?rest_route=%2Fwp%2Fv2%2Fcategories&post=1481"},{"taxonomy":"post_tag","embeddable":true,"href":"https:\/\/www.fetiasp.com.br\/site\/index.php?rest_route=%2Fwp%2Fv2%2Ftags&post=1481"}],"curies":[{"name":"wp","href":"https:\/\/api.w.org\/{rel}","templated":true}]}}