{"id":6933,"date":"2016-08-18T17:57:34","date_gmt":"2016-08-18T17:57:34","guid":{"rendered":"http:\/\/www.fetiasp.com.br\/site\/?p=6933"},"modified":"2016-09-13T18:29:46","modified_gmt":"2016-09-13T18:29:46","slug":"1a-rodada-de-negociacao-do-setor-de-torrefacao-e-moagem-de-cafe","status":"publish","type":"post","link":"https:\/\/www.fetiasp.com.br\/site\/?p=6933","title":{"rendered":"1\u00aa Rodada de Negocia\u00e7\u00e3o do Setor de Torrefa\u00e7\u00e3o e Moagem de Caf\u00e9"},"content":{"rendered":"<p>Neste dia 17 de Agosto, aconteceu no Sindicato e Centro das Ind\u00fastrias de Caf\u00e9 do Estado de S\u00e3o Paulo, a primeira rodada de negocia\u00e7\u00e3o do Setor de Torrefa\u00e7\u00e3o e Moagem de Caf\u00e9 do Estado de S\u00e3o Paulo.\u00a0A proposta do patronal ficou muito abaixo do esperado, n\u00e3o havendo consenso. A pr\u00f3xima rodada est\u00e1 marcada para o dia 12 de setembro, \u00e0s 10h, na Federa\u00e7\u00e3o.<\/p>\n<p>Confira as imagens:<\/p>\n<script type=\"text\/javascript\">\r\ndocument.addEventListener(\"DOMContentLoaded\", function(event) { \r\n\tjQuery( '#slider-pro-3-6934' ).sliderPro({\r\n\t\t\/\/width\r\n\t\t\t\twidth: 1000,\r\n\t\t\t\t\r\n\t\t\/\/height\r\n\t\t\t\theight: 500,\r\n\t\t\t\t\r\n\t\t\/\/auto play\r\n\t\t\t\tautoplay:  true,\r\n\t\tautoplayOnHover: 'none',\r\n\t\t\t\t\t\t\t\tautoplayDelay: 5000,\r\n\t\t\r\n\t\t\r\n\t\tarrows: true,\r\n\t\tbuttons: true,\r\n\t\tsmallSize: 500,\r\n\t\tmediumSize: 1000,\r\n\t\tlargeSize: 3000,\r\n\t\tfade: true,\r\n\t\t\r\n\t\t\/\/thumbnail\r\n\t\tthumbnailArrows: true,\r\n\t\tthumbnailWidth: 120,\r\n\t\tthumbnailHeight: 120,\r\n\t\t\t\t\t\tthumbnailsPosition: 'bottom',\r\n\t\t\t\t\t\tcenterImage: true,\r\n\t\timageScaleMode: 'cover',\r\n\t\tallowScaleUp: true,\r\n\t\t\t\tstartSlide: 0,\r\n\t\tloop: true,\r\n\t\tslideDistance: 5,\r\n\t\tautoplayDirection: 'normal',\r\n\t\ttouchSwipe: true,\r\n\t\tfullScreen: true,\r\n\t});\r\n});\r\n<\/script>\r\n\r\n<div id=\"uris-slider-title\">\r\n\t<h3 class=\"uris-slider-post-title\">17_08_torrefacao<\/h3>\r\n<\/div>\r\n <div class=\"slides-not-found\"><i class=\"fa fa-times-circle\"><\/i> No Slide Found In Slider.<\/div> \n","protected":false},"excerpt":{"rendered":"<p>Neste dia 17 de Agosto, aconteceu no Sindicato e Centro das Ind\u00fastrias de Caf\u00e9 do Estado de S\u00e3o Paulo, a primeira rodada de negocia\u00e7\u00e3o do Setor de Torrefa\u00e7\u00e3o e Moagem de Caf\u00e9 do Estado de S\u00e3o Paulo.\u00a0A proposta do patronal [&hellip;]<\/p>\n","protected":false},"author":1,"featured_media":6964,"comment_status":"closed","ping_status":"closed","sticky":false,"template":"","format":"standard","meta":{"ngg_post_thumbnail":0,"footnotes":"","_links_to":"","_links_to_target":""},"categories":[353],"tags":[],"class_list":["post-6933","post","type-post","status-publish","format-standard","has-post-thumbnail","hentry","category-galeriadefotos"],"_links":{"self":[{"href":"https:\/\/www.fetiasp.com.br\/site\/index.php?rest_route=\/wp\/v2\/posts\/6933","targetHints":{"allow":["GET"]}}],"collection":[{"href":"https:\/\/www.fetiasp.com.br\/site\/index.php?rest_route=\/wp\/v2\/posts"}],"about":[{"href":"https:\/\/www.fetiasp.com.br\/site\/index.php?rest_route=\/wp\/v2\/types\/post"}],"author":[{"embeddable":true,"href":"https:\/\/www.fetiasp.com.br\/site\/index.php?rest_route=\/wp\/v2\/users\/1"}],"replies":[{"embeddable":true,"href":"https:\/\/www.fetiasp.com.br\/site\/index.php?rest_route=%2Fwp%2Fv2%2Fcomments&post=6933"}],"version-history":[{"count":1,"href":"https:\/\/www.fetiasp.com.br\/site\/index.php?rest_route=\/wp\/v2\/posts\/6933\/revisions"}],"predecessor-version":[{"id":6974,"href":"https:\/\/www.fetiasp.com.br\/site\/index.php?rest_route=\/wp\/v2\/posts\/6933\/revisions\/6974"}],"wp:featuredmedia":[{"embeddable":true,"href":"https:\/\/www.fetiasp.com.br\/site\/index.php?rest_route=\/wp\/v2\/media\/6964"}],"wp:attachment":[{"href":"https:\/\/www.fetiasp.com.br\/site\/index.php?rest_route=%2Fwp%2Fv2%2Fmedia&parent=6933"}],"wp:term":[{"taxonomy":"category","embeddable":true,"href":"https:\/\/www.fetiasp.com.br\/site\/index.php?rest_route=%2Fwp%2Fv2%2Fcategories&post=6933"},{"taxonomy":"post_tag","embeddable":true,"href":"https:\/\/www.fetiasp.com.br\/site\/index.php?rest_route=%2Fwp%2Fv2%2Ftags&post=6933"}],"curies":[{"name":"wp","href":"https:\/\/api.w.org\/{rel}","templated":true}]}}